{"id":5223,"date":"2025-03-27T08:00:00","date_gmt":"2025-03-27T07:00:00","guid":{"rendered":"https:\/\/content-creator-team.com\/?p=5223"},"modified":"2025-03-26T15:49:22","modified_gmt":"2025-03-26T14:49:22","slug":"model-mallorca","status":"publish","type":"post","link":"https:\/\/content-creator-team.com\/en\/model-mallorca\/","title":{"rendered":"Looking for a model on Mallorca? This is how a complete shooting day with our team works"},"content":{"rendered":"\t\t<div data-elementor-type=\"wp-post\" data-elementor-id=\"5223\" class=\"elementor elementor-5223\">\n\t\t\t\t<div class=\"elementor-element elementor-element-a8a11f3 e-flex e-con-boxed e-con e-parent\" data-id=\"a8a11f3\" data-element_type=\"container\" data-e-type=\"container\">\n\t\t\t\t\t<div class=\"e-con-inner\">\n\t\t\t\t<div class=\"elementor-element elementor-element-8838f74 elementor-invisible elementor-widget elementor-widget-text-editor\" data-id=\"8838f74\" data-element_type=\"widget\" data-e-type=\"widget\" data-settings=\"{&quot;_animation&quot;:&quot;fadeIn&quot;,&quot;_animation_delay&quot;:300}\" data-widget_type=\"text-editor.default\">\n\t\t\t\t<div class=\"elementor-widget-container\">\n\t\t\t\t\t\t\t\t\t<h1 class=\"\" style=\"caret-color: #000000; color: #000000; font-style: normal; letter-spacing: normal;\" data-start=\"304\" data-end=\"389\"><strong data-start=\"306\" data-end=\"389\">Model Mallorca gesucht? So l\u00e4uft ein kompletter Shootingtag mit unserem Team ab<\/strong><\/h1><p><span class=\"relative -mx-px my-[-0.2rem] rounded px-px py-[0.2rem]\">Mallorca bietet mit seinen einzigartigen Kulissen den perfekten Hintergrund f\u00fcr professionelle Foto- und Videoproduktionen.<\/span>\u00a0<span class=\"relative -mx-px my-[-0.2rem] rounded px-px py-[0.2rem]\">Wenn Sie ein\u00a0<strong data-start=\"13\" data-end=\"35\">Model auf Mallorca<\/strong>\u00a0suchen und eine reibungslose, effiziente Produktion w\u00fcnschen, sind Sie bei uns genau richtig.<\/span>\u00a0<span class=\"relative -mx-px my-[-0.2rem] rounded px-px py-[0.2rem]\">Unser eingespieltes Team \u00fcbernimmt die gesamte Organisation \u2013 von der ersten Idee bis zum finalen Produkt.<\/span>\u00a0<span class=\"relative -mx-px my-[-0.2rem] rounded px-px py-[0.2rem]\">In diesem Artikel f\u00fchren wir Sie durch den Ablauf eines typischen Shootingtages und zeigen Ihnen, wie wir Ihre Vision zum Leben erwecken.<\/span><\/p>\t\t\t\t\t\t\t\t<\/div>\n\t\t\t\t<\/div>\n\t\t\t\t<div class=\"elementor-element elementor-element-a0cc397 elementor-button-success elementor-align-center elementor-widget elementor-widget-button\" data-id=\"a0cc397\" data-element_type=\"widget\" data-e-type=\"widget\" data-widget_type=\"button.default\">\n\t\t\t\t<div class=\"elementor-widget-container\">\n\t\t\t\t\t\t\t\t\t<div class=\"elementor-button-wrapper\">\n\t\t\t\t\t<a class=\"elementor-button elementor-button-link elementor-size-md elementor-animation-grow\" href=\"https:\/\/eva-schug.de\/kontakt\/\">\n\t\t\t\t\t\t<span class=\"elementor-button-content-wrapper\">\n\t\t\t\t\t\t\t\t\t<span class=\"elementor-button-text\">Jetzt anfragen!<\/span>\n\t\t\t\t\t<\/span>\n\t\t\t\t\t<\/a>\n\t\t\t\t<\/div>\n\t\t\t\t\t\t\t\t<\/div>\n\t\t\t\t<\/div>\n\t\t\t\t\t<\/div>\n\t\t\t\t<\/div>\n\t\t<div class=\"elementor-element elementor-element-e720df1 e-flex e-con-boxed e-con e-parent\" data-id=\"e720df1\" data-element_type=\"container\" data-e-type=\"container\">\n\t\t\t\t\t<div class=\"e-con-inner\">\n\t\t\t\t<div class=\"elementor-element elementor-element-dd46e46 elementor-invisible elementor-widget elementor-widget-text-editor\" data-id=\"dd46e46\" data-element_type=\"widget\" data-e-type=\"widget\" data-settings=\"{&quot;_animation&quot;:&quot;fadeIn&quot;,&quot;_animation_delay&quot;:300}\" data-widget_type=\"text-editor.default\">\n\t\t\t\t<div class=\"elementor-widget-container\">\n\t\t\t\t\t\t\t\t\t<h2 class=\"\" data-start=\"593\" data-end=\"634\"><strong data-start=\"596\" data-end=\"634\">1. Erstgespr\u00e4ch und Bedarfsanalyse<\/strong><\/h2><p class=\"\" data-start=\"636\" data-end=\"793\"><span class=\"relative -mx-px my-[-0.2rem] rounded px-px py-[0.2rem]\">Jede erfolgreiche Produktion beginnt mit einem ausf\u00fchrlichen Gespr\u00e4ch.<\/span> <span class=\"relative -mx-px my-[-0.2rem] rounded px-px py-[0.2rem]\">Wir m\u00f6chten Ihre Marke, Ihre Ziele und Ihre Vorstellungen genau verstehen.<\/span> <span class=\"relative -mx-px my-[-0.2rem] rounded px-px py-[0.2rem]\">Dabei kl\u00e4ren wir wichtige Fragen:<\/span>\u200b<\/p><ul data-start=\"795\" data-end=\"1056\"><li class=\"\" data-start=\"795\" data-end=\"880\"><p class=\"\" data-start=\"797\" data-end=\"880\"><span class=\"relative -mx-px my-[-0.2rem] rounded px-px py-[0.2rem]\">Welche Botschaft soll transportiert werden?<\/span>\u200b<\/p><\/li><li class=\"\" data-start=\"881\" data-end=\"968\"><p class=\"\" data-start=\"883\" data-end=\"968\"><span class=\"relative -mx-px my-[-0.2rem] rounded px-px py-[0.2rem]\">Wer ist Ihre Zielgruppe?<\/span>\u200b<\/p><\/li><li class=\"\" data-start=\"969\" data-end=\"1056\"><p class=\"\" data-start=\"971\" data-end=\"1056\"><span class=\"relative -mx-px my-[-0.2rem] rounded px-px py-[0.2rem]\">Welche Plattformen sollen bespielt werden?<\/span>\u200b<\/p><\/li><\/ul><p class=\"\" data-start=\"1058\" data-end=\"1143\"><span class=\"relative -mx-px my-[-0.2rem] rounded px-px py-[0.2rem]\">Dieses Verst\u00e4ndnis erm\u00f6glicht es uns, ein ma\u00dfgeschneidertes Konzept zu entwickeln, das Ihre Marke authentisch repr\u00e4sentiert.<\/span><\/p>\t\t\t\t\t\t\t\t<\/div>\n\t\t\t\t<\/div>\n\t\t\t\t\t<\/div>\n\t\t\t\t<\/div>\n\t\t<div class=\"elementor-element elementor-element-5ecf4eb e-grid e-con-boxed e-con e-parent\" data-id=\"5ecf4eb\" data-element_type=\"container\" data-e-type=\"container\">\n\t\t\t\t\t<div class=\"e-con-inner\">\n\t\t\t\t<div class=\"elementor-element elementor-element-7acd559 elementor-widget elementor-widget-image\" data-id=\"7acd559\" data-element_type=\"widget\" data-e-type=\"widget\" data-widget_type=\"image.default\">\n\t\t\t\t<div class=\"elementor-widget-container\">\n\t\t\t\t\t\t\t\t\t\t\t\t\t\t\t<img fetchpriority=\"high\" decoding=\"async\" width=\"683\" height=\"1024\" src=\"https:\/\/content-creator-team.com\/wp-content\/uploads\/2025\/03\/DSC6323web-683x1024.jpg\" class=\"attachment-large size-large wp-image-5224\" alt=\"Model Mallorca Eva Schug\" srcset=\"https:\/\/content-creator-team.com\/wp-content\/uploads\/2025\/03\/DSC6323web-683x1024.jpg 683w, https:\/\/content-creator-team.com\/wp-content\/uploads\/2025\/03\/DSC6323web-200x300.jpg 200w, https:\/\/content-creator-team.com\/wp-content\/uploads\/2025\/03\/DSC6323web-768x1152.jpg 768w, https:\/\/content-creator-team.com\/wp-content\/uploads\/2025\/03\/DSC6323web-8x12.jpg 8w, https:\/\/content-creator-team.com\/wp-content\/uploads\/2025\/03\/DSC6323web-800x1200.jpg 800w, https:\/\/content-creator-team.com\/wp-content\/uploads\/2025\/03\/DSC6323web.jpg 1000w\" sizes=\"(max-width: 683px) 100vw, 683px\" \/>\t\t\t\t\t\t\t\t\t\t\t\t\t\t\t<\/div>\n\t\t\t\t<\/div>\n\t\t\t\t<div class=\"elementor-element elementor-element-1efda05 elementor-widget elementor-widget-image\" data-id=\"1efda05\" data-element_type=\"widget\" data-e-type=\"widget\" data-widget_type=\"image.default\">\n\t\t\t\t<div class=\"elementor-widget-container\">\n\t\t\t\t\t\t\t\t\t\t\t\t\t\t\t<img decoding=\"async\" width=\"683\" height=\"1024\" src=\"https:\/\/content-creator-team.com\/wp-content\/uploads\/2025\/03\/DSC6431-683x1024.jpg\" class=\"attachment-large size-large wp-image-5230\" alt=\"Model Mallorca\" srcset=\"https:\/\/content-creator-team.com\/wp-content\/uploads\/2025\/03\/DSC6431-683x1024.jpg 683w, https:\/\/content-creator-team.com\/wp-content\/uploads\/2025\/03\/DSC6431-200x300.jpg 200w, https:\/\/content-creator-team.com\/wp-content\/uploads\/2025\/03\/DSC6431-768x1152.jpg 768w, https:\/\/content-creator-team.com\/wp-content\/uploads\/2025\/03\/DSC6431-1024x1536.jpg 1024w, https:\/\/content-creator-team.com\/wp-content\/uploads\/2025\/03\/DSC6431-1365x2048.jpg 1365w, https:\/\/content-creator-team.com\/wp-content\/uploads\/2025\/03\/DSC6431-8x12.jpg 8w, https:\/\/content-creator-team.com\/wp-content\/uploads\/2025\/03\/DSC6431-1400x2100.jpg 1400w, https:\/\/content-creator-team.com\/wp-content\/uploads\/2025\/03\/DSC6431-800x1200.jpg 800w, https:\/\/content-creator-team.com\/wp-content\/uploads\/2025\/03\/DSC6431-scaled.jpg 1707w\" sizes=\"(max-width: 683px) 100vw, 683px\" \/>\t\t\t\t\t\t\t\t\t\t\t\t\t\t\t<\/div>\n\t\t\t\t<\/div>\n\t\t\t\t\t<\/div>\n\t\t\t\t<\/div>\n\t\t<div class=\"elementor-element elementor-element-0091c3a e-flex e-con-boxed e-con e-parent\" data-id=\"0091c3a\" data-element_type=\"container\" data-e-type=\"container\">\n\t\t\t\t\t<div class=\"e-con-inner\">\n\t\t\t\t<div class=\"elementor-element elementor-element-783d489 elementor-invisible elementor-widget elementor-widget-text-editor\" data-id=\"783d489\" data-element_type=\"widget\" data-e-type=\"widget\" data-settings=\"{&quot;_animation&quot;:&quot;fadeIn&quot;,&quot;_animation_delay&quot;:300}\" data-widget_type=\"text-editor.default\">\n\t\t\t\t<div class=\"elementor-widget-container\">\n\t\t\t\t\t\t\t\t\t<h2 class=\"\" data-start=\"1150\" data-end=\"1196\"><strong data-start=\"1153\" data-end=\"1196\">2. Konzeptentwicklung und Storyboarding<\/strong><\/h2><p class=\"\" data-start=\"1198\" data-end=\"1323\"><span class=\"relative -mx-px my-[-0.2rem] rounded px-px py-[0.2rem]\">Basierend auf dem Erstgespr\u00e4ch erstellen wir ein detailliertes Konzept.<\/span> <span class=\"relative -mx-px my-[-0.2rem] rounded px-px py-[0.2rem]\">Hierbei definieren wir:<\/span>\u200b<\/p><ul data-start=\"1325\" data-end=\"1641\"><li class=\"\" data-start=\"1325\" data-end=\"1432\"><p class=\"\" data-start=\"1327\" data-end=\"1432\"><strong data-start=\"1327\" data-end=\"1346\">Thema und Stil:<\/strong> <span class=\"relative -mx-px my-[-0.2rem] rounded px-px py-[0.2rem]\">Soll es modern, klassisch, verspielt oder minimalistisch sein?<\/span>\u200b<\/p><\/li><li class=\"\" data-start=\"1433\" data-end=\"1536\"><p class=\"\" data-start=\"1435\" data-end=\"1536\"><strong data-start=\"1435\" data-end=\"1450\">Farbschema:<\/strong> <span class=\"relative -mx-px my-[-0.2rem] rounded px-px py-[0.2rem]\">Welche Farben passen zu Ihrer Marke und dem gew\u00fcnschten Look?<\/span>\u200b<\/p><\/li><li class=\"\" data-start=\"1537\" data-end=\"1641\"><p class=\"\" data-start=\"1539\" data-end=\"1641\"><strong data-start=\"1539\" data-end=\"1555\">Bildsprache:<\/strong> <span class=\"relative -mx-px my-[-0.2rem] rounded px-px py-[0.2rem]\">Welche Emotionen und Botschaften sollen vermittelt werden?<\/span>\u200b<\/p><\/li><\/ul><p class=\"\" data-start=\"1643\" data-end=\"1728\"><span class=\"relative -mx-px my-[-0.2rem] rounded px-px py-[0.2rem]\">Anschlie\u00dfend entwickeln wir ein Storyboard, das den Ablauf des Shootings visualisiert und als Leitfaden f\u00fcr alle Beteiligten dient.<\/span><\/p>\t\t\t\t\t\t\t\t<\/div>\n\t\t\t\t<\/div>\n\t\t\t\t\t<\/div>\n\t\t\t\t<\/div>\n\t\t<div class=\"elementor-element elementor-element-d49afff e-flex e-con-boxed e-con e-parent\" data-id=\"d49afff\" data-element_type=\"container\" data-e-type=\"container\">\n\t\t\t\t\t<div class=\"e-con-inner\">\n\t\t\t\t<div class=\"elementor-element elementor-element-f735738 elementor-button-success elementor-align-center elementor-widget elementor-widget-button\" data-id=\"f735738\" data-element_type=\"widget\" data-e-type=\"widget\" data-widget_type=\"button.default\">\n\t\t\t\t<div class=\"elementor-widget-container\">\n\t\t\t\t\t\t\t\t\t<div class=\"elementor-button-wrapper\">\n\t\t\t\t\t<a class=\"elementor-button elementor-button-link elementor-size-md elementor-animation-grow\" href=\"https:\/\/content-creator-team.com\/kontakt\/\">\n\t\t\t\t\t\t<span class=\"elementor-button-content-wrapper\">\n\t\t\t\t\t\t\t\t\t<span class=\"elementor-button-text\">Jetzt anfragen!<\/span>\n\t\t\t\t\t<\/span>\n\t\t\t\t\t<\/a>\n\t\t\t\t<\/div>\n\t\t\t\t\t\t\t\t<\/div>\n\t\t\t\t<\/div>\n\t\t\t\t\t<\/div>\n\t\t\t\t<\/div>\n\t\t<div class=\"elementor-element elementor-element-0640889 e-flex e-con-boxed e-con e-parent\" data-id=\"0640889\" data-element_type=\"container\" data-e-type=\"container\">\n\t\t\t\t\t<div class=\"e-con-inner\">\n\t\t\t\t<div class=\"elementor-element elementor-element-82d4381 elementor-invisible elementor-widget elementor-widget-text-editor\" data-id=\"82d4381\" data-element_type=\"widget\" data-e-type=\"widget\" data-settings=\"{&quot;_animation&quot;:&quot;fadeIn&quot;,&quot;_animation_delay&quot;:300}\" data-widget_type=\"text-editor.default\">\n\t\t\t\t<div class=\"elementor-widget-container\">\n\t\t\t\t\t\t\t\t\t<h2 class=\"\" data-start=\"1735\" data-end=\"1769\"><strong data-start=\"1738\" data-end=\"1769\">3. Modelauswahl und Casting<\/strong><\/h2><p class=\"\" data-start=\"1771\" data-end=\"1936\"><span class=\"relative -mx-px my-[-0.2rem] rounded px-px py-[0.2rem]\">Ein entscheidender Faktor f\u00fcr den Erfolg Ihres Projekts ist die Auswahl des passenden Models.<\/span> <span class=\"relative -mx-px my-[-0.2rem] rounded px-px py-[0.2rem]\">Dank unseres umfangreichen Netzwerks auf Mallorca k\u00f6nnen wir Ihnen eine Vielzahl professioneller Models pr\u00e4sentieren, die genau zu Ihrem Markenimage passen.<\/span> <span class=\"relative -mx-px my-[-0.2rem] rounded px-px py-[0.2rem]\">Unser Casting-Prozess umfasst:<\/span>\u200b<\/p><ul data-start=\"1938\" data-end=\"2255\"><li class=\"\" data-start=\"1938\" data-end=\"2041\"><p class=\"\" data-start=\"1940\" data-end=\"2041\"><strong data-start=\"1940\" data-end=\"1955\">Vorauswahl:<\/strong> <span class=\"relative -mx-px my-[-0.2rem] rounded px-px py-[0.2rem]\">Basierend auf Ihren Anforderungen stellen wir eine Auswahl geeigneter Models zusammen.<\/span>\u200b<\/p><\/li><li class=\"\" data-start=\"2042\" data-end=\"2150\"><p class=\"\" data-start=\"2044\" data-end=\"2150\"><strong data-start=\"2044\" data-end=\"2064\">Sedcard-Pr\u00fcfung:<\/strong> <span class=\"relative -mx-px my-[-0.2rem] rounded px-px py-[0.2rem]\">Wir analysieren die Erfahrung, Vielseitigkeit und Einsatzbereiche der Models.<\/span>\u200b<\/p><\/li><li class=\"\" data-start=\"2151\" data-end=\"2255\"><p class=\"\" data-start=\"2153\" data-end=\"2255\"><strong data-start=\"2153\" data-end=\"2169\">Vorstellung:<\/strong> <span class=\"relative -mx-px my-[-0.2rem] rounded px-px py-[0.2rem]\">Sie erhalten detaillierte Informationen und Bildmaterial der Kandidaten, um eine fundierte Entscheidung zu treffen.<\/span>\u200b<\/p><\/li><\/ul><p class=\"\" data-start=\"2257\" data-end=\"2342\"><span class=\"relative -mx-px my-[-0.2rem] rounded px-px py-[0.2rem]\">Durch diesen strukturierten Prozess stellen wir sicher, dass das gew\u00e4hlte Model Ihre Marke optimal repr\u00e4sentiert.<\/span><\/p>\t\t\t\t\t\t\t\t<\/div>\n\t\t\t\t<\/div>\n\t\t\t\t\t<\/div>\n\t\t\t\t<\/div>\n\t\t<div class=\"elementor-element elementor-element-ca5adf0 e-flex e-con-boxed e-con e-parent\" data-id=\"ca5adf0\" data-element_type=\"container\" data-e-type=\"container\">\n\t\t\t\t\t<div class=\"e-con-inner\">\n\t\t\t\t<div class=\"elementor-element elementor-element-9f4471b elementor-widget elementor-widget-text-editor\" data-id=\"9f4471b\" data-element_type=\"widget\" data-e-type=\"widget\" data-widget_type=\"text-editor.default\">\n\t\t\t\t<div class=\"elementor-widget-container\">\n\t\t\t\t\t\t\t\t\t<h2 class=\"\" data-start=\"2349\" data-end=\"2376\"><strong data-start=\"2352\" data-end=\"2376\">4. Location-Scouting<\/strong><\/h2><p class=\"\" data-start=\"2378\" data-end=\"2543\"><span class=\"relative -mx-px my-[-0.2rem] rounded px-px py-[0.2rem]\">Mallorca bietet eine beeindruckende Vielfalt an Locations \u2013 von tollen Str\u00e4nden \u00fcber historische Altst\u00e4dte bis hin zu luxuri\u00f6sen Villen.<\/span> <span class=\"relative -mx-px my-[-0.2rem] rounded px-px py-[0.2rem]\">Unser Team kennt die Insel in- und auswendig und schl\u00e4gt Ihnen passende Drehorte vor, die Ihre Markenbotschaft unterstreichen.<\/span> <span class=\"relative -mx-px my-[-0.2rem] rounded px-px py-[0.2rem]\">Dabei ber\u00fccksichtigen wir:<\/span>\u200b<\/p><ul data-start=\"2545\" data-end=\"2870\"><li class=\"\" data-start=\"2545\" data-end=\"2652\"><p class=\"\" data-start=\"2547\" data-end=\"2652\"><strong data-start=\"2547\" data-end=\"2566\">Zug\u00e4nglichkeit:<\/strong> <span class=\"relative -mx-px my-[-0.2rem] rounded px-px py-[0.2rem]\">Wie leicht ist die Location f\u00fcr das Team und Equipment erreichbar?<\/span>\u200b<\/p><\/li><li class=\"\" data-start=\"2653\" data-end=\"2763\"><p class=\"\" data-start=\"2655\" data-end=\"2763\"><strong data-start=\"2655\" data-end=\"2677\">Lichtverh\u00e4ltnisse:<\/strong> <span class=\"relative -mx-px my-[-0.2rem] rounded px-px py-[0.2rem]\">Zu welcher Tageszeit bietet die Location das beste nat\u00fcrliche Licht?<\/span>\u200b<\/p><\/li><li class=\"\" data-start=\"2764\" data-end=\"2870\"><p class=\"\" data-start=\"2766\" data-end=\"2870\"><strong data-start=\"2766\" data-end=\"2784\">Genehmigungen:<\/strong> <span class=\"relative -mx-px my-[-0.2rem] rounded px-px py-[0.2rem]\">Wir k\u00fcmmern uns um alle notwendigen Drehgenehmigungen, um einen reibungslosen Ablauf zu gew\u00e4hrleisten.<\/span>\u200b<\/p><\/li><\/ul>\t\t\t\t\t\t\t\t<\/div>\n\t\t\t\t<\/div>\n\t\t\t\t\t<\/div>\n\t\t\t\t<\/div>\n\t\t<div class=\"elementor-element elementor-element-39a6407 e-flex e-con-boxed e-con e-parent\" data-id=\"39a6407\" data-element_type=\"container\" data-e-type=\"container\">\n\t\t\t\t\t<div class=\"e-con-inner\">\n\t\t\t\t<div class=\"elementor-element elementor-element-e3e06f2 elementor-widget elementor-widget-image\" data-id=\"e3e06f2\" data-element_type=\"widget\" data-e-type=\"widget\" data-widget_type=\"image.default\">\n\t\t\t\t<div class=\"elementor-widget-container\">\n\t\t\t\t\t\t\t\t\t\t\t\t\t\t\t<img decoding=\"async\" width=\"960\" height=\"640\" src=\"https:\/\/content-creator-team.com\/wp-content\/uploads\/2025\/03\/DSC3200-2.jpg\" class=\"attachment-large size-large wp-image-4607\" alt=\"Content Produktion f\u00fcr Marken und Unternehmen Mallorca\" srcset=\"https:\/\/content-creator-team.com\/wp-content\/uploads\/2025\/03\/DSC3200-2.jpg 1024w, https:\/\/content-creator-team.com\/wp-content\/uploads\/2025\/03\/DSC3200-2-300x200.jpg 300w, https:\/\/content-creator-team.com\/wp-content\/uploads\/2025\/03\/DSC3200-2-768x512.jpg 768w, https:\/\/content-creator-team.com\/wp-content\/uploads\/2025\/03\/DSC3200-2-18x12.jpg 18w, https:\/\/content-creator-team.com\/wp-content\/uploads\/2025\/03\/DSC3200-2-800x534.jpg 800w\" sizes=\"(max-width: 960px) 100vw, 960px\" \/>\t\t\t\t\t\t\t\t\t\t\t\t\t\t\t<\/div>\n\t\t\t\t<\/div>\n\t\t\t\t\t<\/div>\n\t\t\t\t<\/div>\n\t\t<div class=\"elementor-element elementor-element-599a9d2 e-flex e-con-boxed e-con e-parent\" data-id=\"599a9d2\" data-element_type=\"container\" data-e-type=\"container\">\n\t\t\t\t\t<div class=\"e-con-inner\">\n\t\t\t\t<div class=\"elementor-element elementor-element-74f21b0 elementor-widget elementor-widget-text-editor\" data-id=\"74f21b0\" data-element_type=\"widget\" data-e-type=\"widget\" data-widget_type=\"text-editor.default\">\n\t\t\t\t<div class=\"elementor-widget-container\">\n\t\t\t\t\t\t\t\t\t<h2 class=\"\" data-start=\"2877\" data-end=\"2906\"><strong data-start=\"2880\" data-end=\"2906\">5. Styling und Make-up<\/strong><\/h2><p class=\"\" data-start=\"2908\" data-end=\"3073\"><span class=\"relative -mx-px my-[-0.2rem] rounded px-px py-[0.2rem]\">Ein professionelles Styling ist essenziell, um den gew\u00fcnschten Look zu erzielen.<\/span> <span class=\"relative -mx-px my-[-0.2rem] rounded px-px py-[0.2rem]\">Unsere erfahrenen Stylisten und Make-up-Artisten arbeiten eng mit Ihnen zusammen, um Outfits, Accessoires und Make-up abzustimmen.<\/span> <span class=\"relative -mx-px my-[-0.2rem] rounded px-px py-[0.2rem]\">Dabei achten wir auf:<\/span>\u200b<\/p><ul data-start=\"3075\" data-end=\"3389\"><li class=\"\" data-start=\"3075\" data-end=\"3183\"><p class=\"\" data-start=\"3077\" data-end=\"3183\"><strong data-start=\"3077\" data-end=\"3097\">Markenidentit\u00e4t:<\/strong> <span class=\"relative -mx-px my-[-0.2rem] rounded px-px py-[0.2rem]\">Das Styling reflektiert die Werte und \u00c4sthetik Ihrer Marke.<\/span>\u200b<\/p><\/li><li class=\"\" data-start=\"3184\" data-end=\"3287\"><p class=\"\" data-start=\"3186\" data-end=\"3287\"><strong data-start=\"3186\" data-end=\"3201\">Zielgruppe:<\/strong> <span class=\"relative -mx-px my-[-0.2rem] rounded px-px py-[0.2rem]\">Der Look spricht Ihre gew\u00fcnschte Kundschaft an.<\/span>\u200b<\/p><\/li><li class=\"\" data-start=\"3288\" data-end=\"3389\"><p class=\"\" data-start=\"3290\" data-end=\"3389\"><strong data-start=\"3290\" data-end=\"3303\">Koh\u00e4renz:<\/strong> <span class=\"relative -mx-px my-[-0.2rem] rounded px-px py-[0.2rem]\">Farben und Stile harmonieren mit der gew\u00e4hlten Location und dem Gesamtkonzept.<\/span><\/p><\/li><\/ul>\t\t\t\t\t\t\t\t<\/div>\n\t\t\t\t<\/div>\n\t\t\t\t<div class=\"elementor-element elementor-element-5ae8c96 elementor-button-success elementor-align-center elementor-widget elementor-widget-button\" data-id=\"5ae8c96\" data-element_type=\"widget\" data-e-type=\"widget\" data-widget_type=\"button.default\">\n\t\t\t\t<div class=\"elementor-widget-container\">\n\t\t\t\t\t\t\t\t\t<div class=\"elementor-button-wrapper\">\n\t\t\t\t\t<a class=\"elementor-button elementor-button-link elementor-size-md elementor-animation-grow\" href=\"https:\/\/eva-schug.de\/kontakt\/\">\n\t\t\t\t\t\t<span class=\"elementor-button-content-wrapper\">\n\t\t\t\t\t\t\t\t\t<span class=\"elementor-button-text\">Jetzt anfragen!<\/span>\n\t\t\t\t\t<\/span>\n\t\t\t\t\t<\/a>\n\t\t\t\t<\/div>\n\t\t\t\t\t\t\t\t<\/div>\n\t\t\t\t<\/div>\n\t\t\t\t\t<\/div>\n\t\t\t\t<\/div>\n\t\t<div class=\"elementor-element elementor-element-058f57c e-flex e-con-boxed e-con e-parent\" data-id=\"058f57c\" data-element_type=\"container\" data-e-type=\"container\">\n\t\t\t\t\t<div class=\"e-con-inner\">\n\t\t\t\t<div class=\"elementor-element elementor-element-988690b elementor-widget elementor-widget-text-editor\" data-id=\"988690b\" data-element_type=\"widget\" data-e-type=\"widget\" data-widget_type=\"text-editor.default\">\n\t\t\t\t<div class=\"elementor-widget-container\">\n\t\t\t\t\t\t\t\t\t<h2 class=\"\" data-start=\"3396\" data-end=\"3429\"><strong data-start=\"3399\" data-end=\"3429\">6. Technische Vorbereitung<\/strong><\/h2><p class=\"\" data-start=\"3431\" data-end=\"3556\"><span class=\"relative -mx-px my-[-0.2rem] rounded px-px py-[0.2rem]\">Vor dem eigentlichen Shooting stellen wir sicher, dass s\u00e4mtliches Equipment einsatzbereit ist.<\/span> <span class=\"relative -mx-px my-[-0.2rem] rounded px-px py-[0.2rem]\">Unser technisches Setup umfasst:<\/span>\u200b<\/p><ul data-start=\"3558\" data-end=\"3878\"><li class=\"\" data-start=\"3558\" data-end=\"3672\"><p class=\"\" data-start=\"3560\" data-end=\"3672\"><strong data-start=\"3560\" data-end=\"3586\">Kameras und Objektive:<\/strong> <span class=\"relative -mx-px my-[-0.2rem] rounded px-px py-[0.2rem]\">Hochaufl\u00f6sende Kameras mit einer Auswahl an Objektiven f\u00fcr verschiedene Aufnahmesituationen.<\/span>\u200b<\/p><\/li><li class=\"\" data-start=\"3673\" data-end=\"3777\"><p class=\"\" data-start=\"3675\" data-end=\"3777\"><strong data-start=\"3675\" data-end=\"3691\">Beleuchtung:<\/strong> <span class=\"relative -mx-px my-[-0.2rem] rounded px-px py-[0.2rem]\">Zus\u00e4tzliche Lichtquellen f\u00fcr optimale Ausleuchtung, unabh\u00e4ngig von den nat\u00fcrlichen Gegebenheiten.<\/span>\u200b<\/p><\/li><li class=\"\" data-start=\"3778\" data-end=\"3878\"><p class=\"\" data-start=\"3780\" data-end=\"3878\"><strong data-start=\"3780\" data-end=\"3792\">Drohnen:<\/strong> <span class=\"relative -mx-px my-[-0.2rem] rounded px-px py-[0.2rem]\">F\u00fcr beeindruckende Luftaufnahmen setzen wir Drohnen ein, wobei unsere Piloten \u00fcber die erforderlichen Lizenzen (A1\/A3, A2) verf\u00fcgen und alle rechtlichen Vorgaben einhalten.<\/span><\/p><\/li><\/ul>\t\t\t\t\t\t\t\t<\/div>\n\t\t\t\t<\/div>\n\t\t\t\t\t<\/div>\n\t\t\t\t<\/div>\n\t\t<div class=\"elementor-element elementor-element-74a3478 e-flex e-con-boxed e-con e-parent\" data-id=\"74a3478\" data-element_type=\"container\" data-e-type=\"container\">\n\t\t\t\t\t<div class=\"e-con-inner\">\n\t\t\t\t<div class=\"elementor-element elementor-element-c45986d elementor-widget elementor-widget-text-editor\" data-id=\"c45986d\" data-element_type=\"widget\" data-e-type=\"widget\" data-widget_type=\"text-editor.default\">\n\t\t\t\t<div class=\"elementor-widget-container\">\n\t\t\t\t\t\t\t\t\t<h2 class=\"\" data-start=\"3885\" data-end=\"3918\"><strong data-start=\"3888\" data-end=\"3918\">7. Shootingtag: Der Ablauf<\/strong><\/h2><p class=\"\" data-start=\"3920\" data-end=\"4005\"><span class=\"relative -mx-px my-[-0.2rem] rounded px-px py-[0.2rem]\">Am Tag des Shootings sorgt unser Team f\u00fcr einen strukturierten und dennoch flexiblen Ablauf:<\/span>\u200b<\/p><ol data-start=\"4007\" data-end=\"4573\"><li class=\"\" data-start=\"4007\" data-end=\"4123\"><p class=\"\" data-start=\"4010\" data-end=\"4123\"><strong data-start=\"4010\" data-end=\"4037\">Begr\u00fc\u00dfung und Briefing:<\/strong> <span class=\"relative -mx-px my-[-0.2rem] rounded px-px py-[0.2rem]\">Kurze Einf\u00fchrung f\u00fcr alle Beteiligten, Durchsprache des Tagesplans und Kl\u00e4rung letzter Fragen.<\/span>\u200b<\/p><\/li><li class=\"\" data-start=\"4124\" data-end=\"4242\"><p class=\"\" data-start=\"4127\" data-end=\"4242\"><strong data-start=\"4127\" data-end=\"4156\">Styling und Vorbereitung:<\/strong> <span class=\"relative -mx-px my-[-0.2rem] rounded px-px py-[0.2rem]\">Das Model wird professionell gestylt und auf das erste Set vorbereitet.<\/span>\u200b<\/p><\/li><li class=\"\" data-start=\"4243\" data-end=\"4347\"><p class=\"\" data-start=\"4246\" data-end=\"4347\"><strong data-start=\"4246\" data-end=\"4261\">Set-Aufbau:<\/strong> <span class=\"relative -mx-px my-[-0.2rem] rounded px-px py-[0.2rem]\">W\u00e4hrenddessen richtet das Technik-Team die Ausr\u00fcstung ein und testet Licht- sowie Soundverh\u00e4ltnisse.<\/span>\u200b<\/p><\/li><li class=\"\" data-start=\"4348\" data-end=\"4459\"><p class=\"\" data-start=\"4351\" data-end=\"4459\"><strong data-start=\"4351\" data-end=\"4373\">Shooting-Sessions:<\/strong> <span class=\"relative -mx-px my-[-0.2rem] rounded px-px py-[0.2rem]\">Durchf\u00fchrung der geplanten Szenen gem\u00e4\u00df Storyboard, mit regelm\u00e4\u00dfigen Pausen und Feedback-Schleifen.<\/span>\u200b<\/p><\/li><li class=\"\" data-start=\"4460\" data-end=\"4570\"><p class=\"\" data-start=\"4463\" data-end=\"4570\"><strong data-start=\"4463\" data-end=\"4484\">Drohnenaufnahmen:<\/strong> F\u00fcr Produktionen, die eine besondere visuelle Tiefe ben\u00f6tigen, integrieren wir Luftaufnahmen gezielt ins Gesamtkonzept. Das k\u00f6nnen beeindruckende Shots einer Hotelanlage, ein Model beim Walk \u00fcber die Klippen oder dynamische Perspektiven einer Produktpr\u00e4sentation sein.<\/p><\/li><li class=\"\" data-start=\"606\" data-end=\"950\"><p class=\"\" data-start=\"609\" data-end=\"950\"><strong data-start=\"609\" data-end=\"635\">Feinabstimmung am Set:<\/strong> W\u00e4hrend des Shootings achten wir auf jedes Detail \u2013 vom Faltenwurf im Stoff bis zur Lichtreflexion auf dem Produkt. Unsere Stylistin und unsere Fotografin arbeiten Hand in Hand mit dem Model, um die Bildsprache pr\u00e4zise umzusetzen. Spontane Ideen sind willkommen \u2013 denn oft entstehen die besten Momente unerwartet.<\/p><\/li><\/ol>\t\t\t\t\t\t\t\t<\/div>\n\t\t\t\t<\/div>\n\t\t\t\t\t<\/div>\n\t\t\t\t<\/div>\n\t\t<div class=\"elementor-element elementor-element-332fe2d e-flex e-con-boxed e-con e-parent\" data-id=\"332fe2d\" data-element_type=\"container\" data-e-type=\"container\">\n\t\t\t\t\t<div class=\"e-con-inner\">\n\t\t\t\t<div class=\"elementor-element elementor-element-2bde12a elementor-widget elementor-widget-text-editor\" data-id=\"2bde12a\" data-element_type=\"widget\" data-e-type=\"widget\" data-widget_type=\"text-editor.default\">\n\t\t\t\t<div class=\"elementor-widget-container\">\n\t\t\t\t\t\t\t\t\t<h2 class=\"\" data-start=\"957\" data-end=\"1013\"><strong data-start=\"960\" data-end=\"1013\">8. Postproduktion: Schnitt, Auswahl & Feinschliff<\/strong><\/h2><p class=\"\" data-start=\"1015\" data-end=\"1177\">Nach dem Shooting beginnt die Feinarbeit: In der Postproduktion bearbeiten wir das entstandene Bild- und Videomaterial mit h\u00f6chstem Anspruch. Der Fokus liegt auf:<\/p><ul data-start=\"1179\" data-end=\"1760\"><li class=\"\" data-start=\"1179\" data-end=\"1336\"><p class=\"\" data-start=\"1181\" data-end=\"1336\"><strong data-start=\"1181\" data-end=\"1206\">Selektion & Struktur:<\/strong> Auswahl der besten Szenen und Bilder \u2013 abgestimmt auf das Storyboard und gew\u00fcnschte Zielmedien (z.\u202fB. Instagram, Website, Print).<\/p><\/li><li class=\"\" data-start=\"1337\" data-end=\"1478\"><p class=\"\" data-start=\"1339\" data-end=\"1478\"><strong data-start=\"1339\" data-end=\"1368\">Color Grading & Retusche:<\/strong> Professionelle Farbanpassung, Hautretusche, Lichtkorrekturen \u2013 immer nat\u00fcrlich, hochwertig und markengerecht.<\/p><\/li><li class=\"\" data-start=\"1479\" data-end=\"1642\"><p class=\"\" data-start=\"1481\" data-end=\"1642\"><strong data-start=\"1481\" data-end=\"1504\">Videoschnitt & Ton:<\/strong> Bewegte Inhalte erhalten Musik, Untertitel, \u00dcberg\u00e4nge und einen gezielten dramaturgischen Aufbau \u2013 f\u00fcr Reels, Imagefilme oder Werbespots.<\/p><\/li><li class=\"\" data-start=\"1643\" data-end=\"1760\"><p class=\"\" data-start=\"1645\" data-end=\"1760\"><strong data-start=\"1645\" data-end=\"1671\">Dateiformate & Export:<\/strong> Sie erhalten alle finalen Daten optimiert f\u00fcr die jeweiligen Plattformen \u2013 ready to use.<\/p><\/li><\/ul><p class=\"\" data-start=\"1762\" data-end=\"1927\">Die Qualit\u00e4t der Nachbearbeitung unterscheidet eine gute Produktion von einer herausragenden. Deshalb investieren wir auch in diesen Schritt besonders viel Sorgfalt.<\/p>\t\t\t\t\t\t\t\t<\/div>\n\t\t\t\t<\/div>\n\t\t\t\t\t<\/div>\n\t\t\t\t<\/div>\n\t\t<div class=\"elementor-element elementor-element-759bc40 e-flex e-con-boxed e-con e-parent\" data-id=\"759bc40\" data-element_type=\"container\" data-e-type=\"container\">\n\t\t\t\t\t<div class=\"e-con-inner\">\n\t\t\t\t<div class=\"elementor-element elementor-element-e55b1b3 elementor-widget elementor-widget-image\" data-id=\"e55b1b3\" data-element_type=\"widget\" data-e-type=\"widget\" data-widget_type=\"image.default\">\n\t\t\t\t<div class=\"elementor-widget-container\">\n\t\t\t\t\t\t\t\t\t\t\t\t\t\t\t<img loading=\"lazy\" decoding=\"async\" width=\"960\" height=\"640\" src=\"https:\/\/content-creator-team.com\/wp-content\/uploads\/2025\/03\/DSC0291-1.jpg\" class=\"attachment-large size-large wp-image-4637\" alt=\"Content Erstellung f\u00fcr Hotels\" srcset=\"https:\/\/content-creator-team.com\/wp-content\/uploads\/2025\/03\/DSC0291-1.jpg 1024w, https:\/\/content-creator-team.com\/wp-content\/uploads\/2025\/03\/DSC0291-1-300x200.jpg 300w, https:\/\/content-creator-team.com\/wp-content\/uploads\/2025\/03\/DSC0291-1-768x512.jpg 768w, https:\/\/content-creator-team.com\/wp-content\/uploads\/2025\/03\/DSC0291-1-18x12.jpg 18w, https:\/\/content-creator-team.com\/wp-content\/uploads\/2025\/03\/DSC0291-1-800x534.jpg 800w\" sizes=\"(max-width: 960px) 100vw, 960px\" \/>\t\t\t\t\t\t\t\t\t\t\t\t\t\t\t<\/div>\n\t\t\t\t<\/div>\n\t\t\t\t\t<\/div>\n\t\t\t\t<\/div>\n\t\t<div class=\"elementor-element elementor-element-42010f7 e-flex e-con-boxed e-con e-parent\" data-id=\"42010f7\" data-element_type=\"container\" data-e-type=\"container\">\n\t\t\t\t\t<div class=\"e-con-inner\">\n\t\t\t\t<div class=\"elementor-element elementor-element-8ff9f2d elementor-widget elementor-widget-text-editor\" data-id=\"8ff9f2d\" data-element_type=\"widget\" data-e-type=\"widget\" data-widget_type=\"text-editor.default\">\n\t\t\t\t<div class=\"elementor-widget-container\">\n\t\t\t\t\t\t\t\t\t<h2 class=\"\" data-start=\"1934\" data-end=\"2012\"><strong data-start=\"1937\" data-end=\"2012\">9. Warum mit einem Content-Team statt einem einzelnen Dienstleister arbeiten?<\/strong><\/h2><p class=\"\" data-start=\"2014\" data-end=\"2228\">Viele Marken starten mit einem freien Videografen oder Fotografen \u2013 ein guter erster Schritt. Doch wer wirklich effizient, hochwertig und konsistent arbeiten m\u00f6chte, profitiert von einem eingespielten Content-Team.<\/p><h3 class=\"\" data-start=\"2230\" data-end=\"2265\">Ihre Vorteile mit unserem Team:<\/h3><ul data-start=\"2267\" data-end=\"2918\"><li class=\"\" data-start=\"2267\" data-end=\"2392\"><p class=\"\" data-start=\"2269\" data-end=\"2392\"><strong data-start=\"2269\" data-end=\"2294\">Alles aus einer Hand:<\/strong> Model, Fotografie, Videografie, Styling, Drohne & Planung \u2013 eine Produktion, ein Ansprechpartner.<\/p><\/li><li class=\"\" data-start=\"2393\" data-end=\"2508\"><p class=\"\" data-start=\"2395\" data-end=\"2508\"><strong data-start=\"2395\" data-end=\"2420\">Eingespielte Abl\u00e4ufe:<\/strong> Keine Missverst\u00e4ndnisse, keine unn\u00f6tigen Wartezeiten \u2013 unser Team wei\u00df, was zu tun ist.<\/p><\/li><li class=\"\" data-start=\"2509\" data-end=\"2622\"><p class=\"\" data-start=\"2511\" data-end=\"2622\"><strong data-start=\"2511\" data-end=\"2531\">Marken-Know-how:<\/strong> Wir verstehen Marken\u00e4sthetik \u2013 und setzen sie in einheitlichem Look um, kanal\u00fcbergreifend.<\/p><\/li><li class=\"\" data-start=\"2623\" data-end=\"2751\"><p class=\"\" data-start=\"2625\" data-end=\"2751\"><strong data-start=\"2625\" data-end=\"2657\">Langfristige Zusammenarbeit:<\/strong> Viele Kunden buchen uns regelm\u00e4\u00dfig \u2013 f\u00fcr Kampagnen, Saisonshootings oder Social-Media-Serien.<\/p><\/li><li class=\"\" data-start=\"2752\" data-end=\"2918\"><p class=\"\" data-start=\"2754\" data-end=\"2918\"><strong data-start=\"2754\" data-end=\"2787\">Mehr Output in k\u00fcrzerer Zeit:<\/strong> Durch effiziente Planung und gute Abstimmung liefern wir in wenigen Tagen Content f\u00fcr Wochen \u2013 auf Wunsch auch mit Content-Pl\u00e4nen.<\/p><\/li><\/ul>\t\t\t\t\t\t\t\t<\/div>\n\t\t\t\t<\/div>\n\t\t\t\t\t<\/div>\n\t\t\t\t<\/div>\n\t\t<div class=\"elementor-element elementor-element-826f21a e-flex e-con-boxed e-con e-parent\" data-id=\"826f21a\" data-element_type=\"container\" data-e-type=\"container\">\n\t\t\t\t\t<div class=\"e-con-inner\">\n\t\t\t\t<div class=\"elementor-element elementor-element-973c69b elementor-widget elementor-widget-text-editor\" data-id=\"973c69b\" data-element_type=\"widget\" data-e-type=\"widget\" data-widget_type=\"text-editor.default\">\n\t\t\t\t<div class=\"elementor-widget-container\">\n\t\t\t\t\t\t\t\t\t<h2 class=\"\" data-start=\"2925\" data-end=\"2968\"><strong data-start=\"2928\" data-end=\"2968\">10. F\u00fcr wen ist unser Service ideal?<\/strong><\/h2><p class=\"\" data-start=\"2970\" data-end=\"3000\">Unser Service richtet sich an:<\/p><ul data-start=\"3002\" data-end=\"3458\"><li class=\"\" data-start=\"3002\" data-end=\"3122\"><p class=\"\" data-start=\"3004\" data-end=\"3122\"><strong data-start=\"3004\" data-end=\"3024\">Hotels & Resorts<\/strong> auf Mallorca, die regelm\u00e4\u00dfig Bildmaterial f\u00fcr Web, Booking-Plattformen und Social Media brauchen.<\/p><\/li><li class=\"\" data-start=\"3123\" data-end=\"3218\"><p class=\"\" data-start=\"3125\" data-end=\"3218\"><strong data-start=\"3125\" data-end=\"3139\">Modemarken<\/strong> oder <strong data-start=\"3145\" data-end=\"3166\">Accessoire-Labels<\/strong>, die saisonale Kampagnen effizient umsetzen wollen.<\/p><\/li><li class=\"\" data-start=\"3219\" data-end=\"3334\"><p class=\"\" data-start=\"3221\" data-end=\"3334\"><strong data-start=\"3221\" data-end=\"3246\">Start-ups & Agenturen<\/strong>, die ein Team suchen, das Markenvisionen eigenst\u00e4ndig umsetzt \u2013 ohne endlose Briefings.<\/p><\/li><li class=\"\" data-start=\"3335\" data-end=\"3458\"><p class=\"\" data-start=\"3337\" data-end=\"3458\"><strong data-start=\"3337\" data-end=\"3385\">Coaches, Unternehmer & Personal Brands<\/strong>, die sich mit hochwertigen Inhalten professionell positionieren m\u00f6chten.<\/p><\/li><\/ul><p class=\"\" data-start=\"3460\" data-end=\"3670\">Wenn Sie ein <strong data-start=\"3473\" data-end=\"3495\">Model auf Mallorca<\/strong> suchen, um Ihre Marke zu pr\u00e4sentieren, bekommen Sie bei uns nicht nur Erfahrung, sondern Pers\u00f6nlichkeit, Ausdruckskraft und ein eingespieltes Team, das sich um alles k\u00fcmmert.<\/p>\t\t\t\t\t\t\t\t<\/div>\n\t\t\t\t<\/div>\n\t\t\t\t\t<\/div>\n\t\t\t\t<\/div>\n\t\t<div class=\"elementor-element elementor-element-250af9a e-flex e-con-boxed e-con e-parent\" data-id=\"250af9a\" data-element_type=\"container\" data-e-type=\"container\">\n\t\t\t\t\t<div class=\"e-con-inner\">\n\t\t\t\t<div class=\"elementor-element elementor-element-9b6e0c1 elementor-widget elementor-widget-text-editor\" data-id=\"9b6e0c1\" data-element_type=\"widget\" data-e-type=\"widget\" data-widget_type=\"text-editor.default\">\n\t\t\t\t<div class=\"elementor-widget-container\">\n\t\t\t\t\t\t\t\t\t<h2 class=\"\" data-start=\"3677\" data-end=\"3758\"><strong data-start=\"3680\" data-end=\"3758\">Model Mallorca + Content aus einer Hand = Ihre starke Markenpr\u00e4senz<\/strong><\/h2><p class=\"\" data-start=\"3760\" data-end=\"4135\">Die Suche nach einem passenden <strong data-start=\"3791\" data-end=\"3813\">Model auf Mallorca<\/strong> ist oft nur ein Teil eines viel gr\u00f6\u00dferen Puzzles. Was Sie wirklich brauchen, ist eine reibungslose, durchdachte Produktion \u2013 mit einem Team, das Ihre Vision versteht und professionell umsetzt. Genau das bekommen Sie bei uns: <strong data-start=\"4039\" data-end=\"4102\">ein kreatives, zuverl\u00e4ssiges und eingespieltes Content-Team<\/strong>, das aus Ideen Ergebnisse macht.<\/p>\t\t\t\t\t\t\t\t<\/div>\n\t\t\t\t<\/div>\n\t\t\t\t\t<\/div>\n\t\t\t\t<\/div>\n\t\t<div class=\"elementor-element elementor-element-47433ce e-flex e-con-boxed e-con e-parent\" data-id=\"47433ce\" data-element_type=\"container\" data-e-type=\"container\">\n\t\t\t\t\t<div class=\"e-con-inner\">\n\t\t\t\t<div class=\"elementor-element elementor-element-6de7c01 elementor-button-success elementor-align-center elementor-widget elementor-widget-button\" data-id=\"6de7c01\" data-element_type=\"widget\" data-e-type=\"widget\" data-widget_type=\"button.default\">\n\t\t\t\t<div class=\"elementor-widget-container\">\n\t\t\t\t\t\t\t\t\t<div class=\"elementor-button-wrapper\">\n\t\t\t\t\t<a class=\"elementor-button elementor-button-link elementor-size-md elementor-animation-grow\" href=\"https:\/\/content-creator-team.com\/kontakt\/\">\n\t\t\t\t\t\t<span class=\"elementor-button-content-wrapper\">\n\t\t\t\t\t\t\t\t\t<span class=\"elementor-button-text\">Jetzt anfragen!<\/span>\n\t\t\t\t\t<\/span>\n\t\t\t\t\t<\/a>\n\t\t\t\t<\/div>\n\t\t\t\t\t\t\t\t<\/div>\n\t\t\t\t<\/div>\n\t\t\t\t\t<\/div>\n\t\t\t\t<\/div>\n\t\t<div class=\"elementor-element elementor-element-be69dcb e-flex e-con-boxed e-con e-parent\" data-id=\"be69dcb\" data-element_type=\"container\" data-e-type=\"container\">\n\t\t\t\t\t<div class=\"e-con-inner\">\n\t\t\t\t<div class=\"elementor-element elementor-element-581c8fa elementor-widget elementor-widget-text-editor\" data-id=\"581c8fa\" data-element_type=\"widget\" data-e-type=\"widget\" data-widget_type=\"text-editor.default\">\n\t\t\t\t<div class=\"elementor-widget-container\">\n\t\t\t\t\t\t\t\t\t<h2 class=\"\" data-start=\"4632\" data-end=\"4681\"><strong data-start=\"4635\" data-end=\"4681\">FAQs \u2013 Model Mallorca & Content-Produktion<\/strong><\/h2><p class=\"\" data-start=\"4683\" data-end=\"4877\"><strong data-start=\"4683\" data-end=\"4743\">1. Wie kurzfristig kann ein Shooting organisiert werden?<\/strong><br data-start=\"4743\" data-end=\"4746\" \/>Je nach Umfang und Saison k\u00f6nnen wir innerhalb von 1\u20132 Wochen produzieren. F\u00fcr gr\u00f6\u00dfere Projekte empfehlen wir mindestens 2 Monate Vorlaufzeit.<\/p><p class=\"\" data-start=\"4879\" data-end=\"5036\"><strong data-start=\"4879\" data-end=\"4926\">2. K\u00f6nnen wir ein eigenes Model mitbringen?<\/strong><br data-start=\"4926\" data-end=\"4929\" \/>Ja \u2013 aber wir empfehlen unsere Models, da sie eingespielt, erfahren und abgestimmt auf unsere Abl\u00e4ufe sind.<\/p><p class=\"\" data-start=\"5038\" data-end=\"5187\"><strong data-start=\"5038\" data-end=\"5082\">3. Was kostet eine komplette Produktion?<\/strong><br data-start=\"5082\" data-end=\"5085\" \/>Die Preise richten sich nach Umfang, Dauer und Inhalten. Gern erstellen wir ein individuelles Angebot.<\/p><p class=\"\" data-start=\"5189\" data-end=\"5336\"><strong data-start=\"5189\" data-end=\"5239\">4. Ist auch eine reine Fotoproduktion m\u00f6glich?<\/strong><br data-start=\"5239\" data-end=\"5242\" \/>Ja! Auch reine Foto- oder Videoprojekte sind m\u00f6glich \u2013 wir richten uns ganz nach Ihrem Bedarf.<\/p><p class=\"\" data-start=\"5338\" data-end=\"5548\"><strong data-start=\"5338\" data-end=\"5409\">5. K\u00f6nnen wir auch mehrere Inhalte f\u00fcr Social Media vorproduzieren?<\/strong><br data-start=\"5409\" data-end=\"5412\" \/>Unbedingt! Genau darauf sind wir spezialisiert \u2013 wir liefern auf Wunsch direkt mehrere Reels, Fotos und Kampagnenmotive f\u00fcr Ihre Kan\u00e4le.<\/p>\t\t\t\t\t\t\t\t<\/div>\n\t\t\t\t<\/div>\n\t\t\t\t\t<\/div>\n\t\t\t\t<\/div>\n\t\t<div class=\"elementor-element elementor-element-005f7fa e-flex e-con-boxed e-con e-parent\" data-id=\"005f7fa\" data-element_type=\"container\" data-e-type=\"container\">\n\t\t\t\t\t<div class=\"e-con-inner\">\n\t\t\t\t<div class=\"elementor-element elementor-element-95e8c26 elementor-button-success elementor-align-center elementor-widget elementor-widget-button\" data-id=\"95e8c26\" data-element_type=\"widget\" data-e-type=\"widget\" data-widget_type=\"button.default\">\n\t\t\t\t<div class=\"elementor-widget-container\">\n\t\t\t\t\t\t\t\t\t<div class=\"elementor-button-wrapper\">\n\t\t\t\t\t<a class=\"elementor-button elementor-button-link elementor-size-md elementor-animation-grow\" href=\"https:\/\/content-creator-team.com\/kontakt\/\">\n\t\t\t\t\t\t<span class=\"elementor-button-content-wrapper\">\n\t\t\t\t\t\t\t\t\t<span class=\"elementor-button-text\">Jetzt anfragen!<\/span>\n\t\t\t\t\t<\/span>\n\t\t\t\t\t<\/a>\n\t\t\t\t<\/div>\n\t\t\t\t\t\t\t\t<\/div>\n\t\t\t\t<\/div>\n\t\t\t\t\t<\/div>\n\t\t\t\t<\/div>\n\t\t\t\t<\/div>\n\t\t","protected":false},"excerpt":{"rendered":"<p>Model Mallorca gesucht? So l\u00e4uft ein kompletter Shootingtag mit unserem Team ab Mallorca bietet mit seinen einzigartigen Kulissen den perfekten Hintergrund f\u00fcr professionelle Foto- und Videoproduktionen.\u00a0Wenn Sie ein\u00a0Model auf Mallorca\u00a0suchen und eine reibungslose, effiziente Produktion w\u00fcnschen, sind Sie bei uns genau richtig.\u00a0Unser eingespieltes Team \u00fcbernimmt die gesamte Organisation \u2013 von der ersten Idee bis zum finalen Produkt.\u00a0In diesem Artikel f\u00fchren wir Sie durch den Ablauf eines typischen Shootingtages und zeigen Ihnen, wie wir Ihre Vision zum Leben erwecken. Jetzt anfragen! [&hellip;]<\/p>\n","protected":false},"author":1,"featured_media":5225,"comment_status":"closed","ping_status":"open","sticky":false,"template":"elementor_header_footer","format":"image","meta":{"footnotes":""},"categories":[5,6],"tags":[],"class_list":["post-5223","post","type-post","status-publish","format-image","has-post-thumbnail","hentry","category-photography","category-story","post_format-post-format-image"],"yoast_head":"<!-- This site is optimized with the Yoast SEO plugin v27.5 - https:\/\/yoast.com\/product\/yoast-seo-wordpress\/ -->\n<title>Model Mallorca gesucht? Produktionen aus einer Hand<\/title>\n<meta name=\"description\" content=\"Model Mallorca \u2605 Professionelles Shooting auf Mallorca: Konzeption, Modelauswahl und die finale Umsetzung mit unserem erfahrenen Team.\" \/>\n<meta name=\"robots\" content=\"index, follow, max-snippet:-1, max-image-preview:large, max-video-preview:-1\" \/>\n<link rel=\"canonical\" href=\"https:\/\/content-creator-team.com\/en\/model-mallorca\/\" \/>\n<meta property=\"og:locale\" content=\"en_GB\" \/>\n<meta property=\"og:type\" content=\"article\" \/>\n<meta property=\"og:title\" content=\"Model Mallorca gesucht? Produktionen aus einer Hand\" \/>\n<meta property=\"og:description\" content=\"Model Mallorca \u2605 Professionelles Shooting auf Mallorca: Konzeption, Modelauswahl und die finale Umsetzung mit unserem erfahrenen Team.\" \/>\n<meta property=\"og:url\" content=\"https:\/\/content-creator-team.com\/en\/model-mallorca\/\" \/>\n<meta property=\"og:site_name\" content=\"Content Creator Team - Germany &amp; Mallorca\" \/>\n<meta property=\"article:published_time\" content=\"2025-03-27T07:00:00+00:00\" \/>\n<meta property=\"og:image\" content=\"https:\/\/content-creator-team.com\/wp-content\/uploads\/2025\/03\/DSC6323web.jpg\" \/>\n\t<meta property=\"og:image:width\" content=\"1000\" \/>\n\t<meta property=\"og:image:height\" content=\"1500\" \/>\n\t<meta property=\"og:image:type\" content=\"image\/jpeg\" \/>\n<meta name=\"author\" content=\"Lea\" \/>\n<meta name=\"twitter:card\" content=\"summary_large_image\" \/>\n<meta name=\"twitter:label1\" content=\"Written by\" \/>\n\t<meta name=\"twitter:data1\" content=\"Lea\" \/>\n\t<meta name=\"twitter:label2\" content=\"Estimated reading time\" \/>\n\t<meta name=\"twitter:data2\" content=\"8 minutes\" \/>\n<script type=\"application\/ld+json\" class=\"yoast-schema-graph\">{\"@context\":\"https:\\\/\\\/schema.org\",\"@graph\":[{\"@type\":[\"Article\",\"BlogPosting\"],\"@id\":\"https:\\\/\\\/content-creator-team.com\\\/model-mallorca\\\/#article\",\"isPartOf\":{\"@id\":\"https:\\\/\\\/content-creator-team.com\\\/model-mallorca\\\/\"},\"author\":{\"name\":\"Lea\",\"@id\":\"https:\\\/\\\/content-creator-team.com\\\/#\\\/schema\\\/person\\\/7a67262b5593998c9e40d7d30de3656d\"},\"headline\":\"Model auf Mallorca gesucht? So l\u00e4uft ein kompletter Shootingtag mit unserem Team ab\",\"datePublished\":\"2025-03-27T07:00:00+00:00\",\"mainEntityOfPage\":{\"@id\":\"https:\\\/\\\/content-creator-team.com\\\/model-mallorca\\\/\"},\"wordCount\":1295,\"publisher\":{\"@id\":\"https:\\\/\\\/content-creator-team.com\\\/#\\\/schema\\\/person\\\/7a67262b5593998c9e40d7d30de3656d\"},\"image\":{\"@id\":\"https:\\\/\\\/content-creator-team.com\\\/model-mallorca\\\/#primaryimage\"},\"thumbnailUrl\":\"https:\\\/\\\/content-creator-team.com\\\/wp-content\\\/uploads\\\/2025\\\/03\\\/DSC6379-2.jpg\",\"articleSection\":[\"Photography\",\"Story\"],\"inLanguage\":\"en-GB\"},{\"@type\":[\"WebPage\",\"FAQPage\"],\"@id\":\"https:\\\/\\\/content-creator-team.com\\\/model-mallorca\\\/\",\"url\":\"https:\\\/\\\/content-creator-team.com\\\/model-mallorca\\\/\",\"name\":\"Model Mallorca gesucht? Produktionen aus einer Hand\",\"isPartOf\":{\"@id\":\"https:\\\/\\\/content-creator-team.com\\\/#website\"},\"primaryImageOfPage\":{\"@id\":\"https:\\\/\\\/content-creator-team.com\\\/model-mallorca\\\/#primaryimage\"},\"image\":{\"@id\":\"https:\\\/\\\/content-creator-team.com\\\/model-mallorca\\\/#primaryimage\"},\"thumbnailUrl\":\"https:\\\/\\\/content-creator-team.com\\\/wp-content\\\/uploads\\\/2025\\\/03\\\/DSC6379-2.jpg\",\"datePublished\":\"2025-03-27T07:00:00+00:00\",\"description\":\"Model Mallorca \u2605 Professionelles Shooting auf Mallorca: Konzeption, Modelauswahl und die finale Umsetzung mit unserem erfahrenen Team.\",\"breadcrumb\":{\"@id\":\"https:\\\/\\\/content-creator-team.com\\\/model-mallorca\\\/#breadcrumb\"},\"inLanguage\":\"en-GB\",\"potentialAction\":[{\"@type\":\"ReadAction\",\"target\":[\"https:\\\/\\\/content-creator-team.com\\\/model-mallorca\\\/\"]}]},{\"@type\":\"ImageObject\",\"inLanguage\":\"en-GB\",\"@id\":\"https:\\\/\\\/content-creator-team.com\\\/model-mallorca\\\/#primaryimage\",\"url\":\"https:\\\/\\\/content-creator-team.com\\\/wp-content\\\/uploads\\\/2025\\\/03\\\/DSC6379-2.jpg\",\"contentUrl\":\"https:\\\/\\\/content-creator-team.com\\\/wp-content\\\/uploads\\\/2025\\\/03\\\/DSC6379-2.jpg\",\"width\":2048,\"height\":1365,\"caption\":\"Model Mallorca\"},{\"@type\":\"BreadcrumbList\",\"@id\":\"https:\\\/\\\/content-creator-team.com\\\/model-mallorca\\\/#breadcrumb\",\"itemListElement\":[{\"@type\":\"ListItem\",\"position\":1,\"name\":\"Startseite\",\"item\":\"https:\\\/\\\/content-creator-team.com\\\/\"},{\"@type\":\"ListItem\",\"position\":2,\"name\":\"Model auf Mallorca gesucht? So l\u00e4uft ein kompletter Shootingtag mit unserem Team ab\"}]},{\"@type\":\"WebSite\",\"@id\":\"https:\\\/\\\/content-creator-team.com\\\/#website\",\"url\":\"https:\\\/\\\/content-creator-team.com\\\/\",\"name\":\"Content-Creator-Team.com\",\"description\":\"Creating content for you and your brand!\",\"publisher\":{\"@id\":\"https:\\\/\\\/content-creator-team.com\\\/#\\\/schema\\\/person\\\/7a67262b5593998c9e40d7d30de3656d\"},\"potentialAction\":[{\"@type\":\"SearchAction\",\"target\":{\"@type\":\"EntryPoint\",\"urlTemplate\":\"https:\\\/\\\/content-creator-team.com\\\/?s={search_term_string}\"},\"query-input\":{\"@type\":\"PropertyValueSpecification\",\"valueRequired\":true,\"valueName\":\"search_term_string\"}}],\"inLanguage\":\"en-GB\"},{\"@type\":[\"Person\",\"Organization\"],\"@id\":\"https:\\\/\\\/content-creator-team.com\\\/#\\\/schema\\\/person\\\/7a67262b5593998c9e40d7d30de3656d\",\"name\":\"Lea\",\"image\":{\"@type\":\"ImageObject\",\"inLanguage\":\"en-GB\",\"@id\":\"https:\\\/\\\/secure.gravatar.com\\\/avatar\\\/92e3bcb9aafd9b8c2c58a38a28cd72f6989e19f7f767027ba5529d0e18fb0655?s=96&d=mm&r=g\",\"url\":\"https:\\\/\\\/secure.gravatar.com\\\/avatar\\\/92e3bcb9aafd9b8c2c58a38a28cd72f6989e19f7f767027ba5529d0e18fb0655?s=96&d=mm&r=g\",\"contentUrl\":\"https:\\\/\\\/secure.gravatar.com\\\/avatar\\\/92e3bcb9aafd9b8c2c58a38a28cd72f6989e19f7f767027ba5529d0e18fb0655?s=96&d=mm&r=g\",\"caption\":\"Lea\"},\"logo\":{\"@id\":\"https:\\\/\\\/secure.gravatar.com\\\/avatar\\\/92e3bcb9aafd9b8c2c58a38a28cd72f6989e19f7f767027ba5529d0e18fb0655?s=96&d=mm&r=g\"},\"sameAs\":[\"http:\\\/\\\/content-creator-team.com\"],\"url\":\"https:\\\/\\\/content-creator-team.com\\\/en\\\/author\\\/contentcreator\\\/\"}]}<\/script>\n<!-- \/ Yoast SEO plugin. -->","yoast_head_json":{"title":"Model Mallorca wanted? Productions from a single source","description":"Model Mallorca \u2605 Professional shooting on Mallorca: conception, model selection and final realisation with our experienced team.","robots":{"index":"index","follow":"follow","max-snippet":"max-snippet:-1","max-image-preview":"max-image-preview:large","max-video-preview":"max-video-preview:-1"},"canonical":"https:\/\/content-creator-team.com\/en\/model-mallorca\/","og_locale":"en_GB","og_type":"article","og_title":"Model Mallorca gesucht? Produktionen aus einer Hand","og_description":"Model Mallorca \u2605 Professionelles Shooting auf Mallorca: Konzeption, Modelauswahl und die finale Umsetzung mit unserem erfahrenen Team.","og_url":"https:\/\/content-creator-team.com\/en\/model-mallorca\/","og_site_name":"Content Creator Team - Germany &amp; Mallorca","article_published_time":"2025-03-27T07:00:00+00:00","og_image":[{"width":1000,"height":1500,"url":"https:\/\/content-creator-team.com\/wp-content\/uploads\/2025\/03\/DSC6323web.jpg","type":"image\/jpeg"}],"author":"Lea","twitter_card":"summary_large_image","twitter_misc":{"Written by":"Lea","Estimated reading time":"8 minutes"},"schema":{"@context":"https:\/\/schema.org","@graph":[{"@type":["Article","BlogPosting"],"@id":"https:\/\/content-creator-team.com\/model-mallorca\/#article","isPartOf":{"@id":"https:\/\/content-creator-team.com\/model-mallorca\/"},"author":{"name":"Lea","@id":"https:\/\/content-creator-team.com\/#\/schema\/person\/7a67262b5593998c9e40d7d30de3656d"},"headline":"Model auf Mallorca gesucht? So l\u00e4uft ein kompletter Shootingtag mit unserem Team ab","datePublished":"2025-03-27T07:00:00+00:00","mainEntityOfPage":{"@id":"https:\/\/content-creator-team.com\/model-mallorca\/"},"wordCount":1295,"publisher":{"@id":"https:\/\/content-creator-team.com\/#\/schema\/person\/7a67262b5593998c9e40d7d30de3656d"},"image":{"@id":"https:\/\/content-creator-team.com\/model-mallorca\/#primaryimage"},"thumbnailUrl":"https:\/\/content-creator-team.com\/wp-content\/uploads\/2025\/03\/DSC6379-2.jpg","articleSection":["Photography","Story"],"inLanguage":"en-GB"},{"@type":["WebPage","FAQPage"],"@id":"https:\/\/content-creator-team.com\/model-mallorca\/","url":"https:\/\/content-creator-team.com\/model-mallorca\/","name":"Model Mallorca wanted? Productions from a single source","isPartOf":{"@id":"https:\/\/content-creator-team.com\/#website"},"primaryImageOfPage":{"@id":"https:\/\/content-creator-team.com\/model-mallorca\/#primaryimage"},"image":{"@id":"https:\/\/content-creator-team.com\/model-mallorca\/#primaryimage"},"thumbnailUrl":"https:\/\/content-creator-team.com\/wp-content\/uploads\/2025\/03\/DSC6379-2.jpg","datePublished":"2025-03-27T07:00:00+00:00","description":"Model Mallorca \u2605 Professional shooting on Mallorca: conception, model selection and final realisation with our experienced team.","breadcrumb":{"@id":"https:\/\/content-creator-team.com\/model-mallorca\/#breadcrumb"},"inLanguage":"en-GB","potentialAction":[{"@type":"ReadAction","target":["https:\/\/content-creator-team.com\/model-mallorca\/"]}]},{"@type":"ImageObject","inLanguage":"en-GB","@id":"https:\/\/content-creator-team.com\/model-mallorca\/#primaryimage","url":"https:\/\/content-creator-team.com\/wp-content\/uploads\/2025\/03\/DSC6379-2.jpg","contentUrl":"https:\/\/content-creator-team.com\/wp-content\/uploads\/2025\/03\/DSC6379-2.jpg","width":2048,"height":1365,"caption":"Model Mallorca"},{"@type":"BreadcrumbList","@id":"https:\/\/content-creator-team.com\/model-mallorca\/#breadcrumb","itemListElement":[{"@type":"ListItem","position":1,"name":"Startseite","item":"https:\/\/content-creator-team.com\/"},{"@type":"ListItem","position":2,"name":"Model auf Mallorca gesucht? So l\u00e4uft ein kompletter Shootingtag mit unserem Team ab"}]},{"@type":"WebSite","@id":"https:\/\/content-creator-team.com\/#website","url":"https:\/\/content-creator-team.com\/","name":"Content-Creator-Team.com","description":"Creating content for you and your brand!","publisher":{"@id":"https:\/\/content-creator-team.com\/#\/schema\/person\/7a67262b5593998c9e40d7d30de3656d"},"potentialAction":[{"@type":"SearchAction","target":{"@type":"EntryPoint","urlTemplate":"https:\/\/content-creator-team.com\/?s={search_term_string}"},"query-input":{"@type":"PropertyValueSpecification","valueRequired":true,"valueName":"search_term_string"}}],"inLanguage":"en-GB"},{"@type":["Person","Organization"],"@id":"https:\/\/content-creator-team.com\/#\/schema\/person\/7a67262b5593998c9e40d7d30de3656d","name":"Lea","image":{"@type":"ImageObject","inLanguage":"en-GB","@id":"https:\/\/secure.gravatar.com\/avatar\/92e3bcb9aafd9b8c2c58a38a28cd72f6989e19f7f767027ba5529d0e18fb0655?s=96&d=mm&r=g","url":"https:\/\/secure.gravatar.com\/avatar\/92e3bcb9aafd9b8c2c58a38a28cd72f6989e19f7f767027ba5529d0e18fb0655?s=96&d=mm&r=g","contentUrl":"https:\/\/secure.gravatar.com\/avatar\/92e3bcb9aafd9b8c2c58a38a28cd72f6989e19f7f767027ba5529d0e18fb0655?s=96&d=mm&r=g","caption":"Lea"},"logo":{"@id":"https:\/\/secure.gravatar.com\/avatar\/92e3bcb9aafd9b8c2c58a38a28cd72f6989e19f7f767027ba5529d0e18fb0655?s=96&d=mm&r=g"},"sameAs":["http:\/\/content-creator-team.com"],"url":"https:\/\/content-creator-team.com\/en\/author\/contentcreator\/"}]}},"_links":{"self":[{"href":"https:\/\/content-creator-team.com\/en\/wp-json\/wp\/v2\/posts\/5223","targetHints":{"allow":["GET"]}}],"collection":[{"href":"https:\/\/content-creator-team.com\/en\/wp-json\/wp\/v2\/posts"}],"about":[{"href":"https:\/\/content-creator-team.com\/en\/wp-json\/wp\/v2\/types\/post"}],"author":[{"embeddable":true,"href":"https:\/\/content-creator-team.com\/en\/wp-json\/wp\/v2\/users\/1"}],"replies":[{"embeddable":true,"href":"https:\/\/content-creator-team.com\/en\/wp-json\/wp\/v2\/comments?post=5223"}],"version-history":[{"count":8,"href":"https:\/\/content-creator-team.com\/en\/wp-json\/wp\/v2\/posts\/5223\/revisions"}],"predecessor-version":[{"id":5234,"href":"https:\/\/content-creator-team.com\/en\/wp-json\/wp\/v2\/posts\/5223\/revisions\/5234"}],"wp:featuredmedia":[{"embeddable":true,"href":"https:\/\/content-creator-team.com\/en\/wp-json\/wp\/v2\/media\/5225"}],"wp:attachment":[{"href":"https:\/\/content-creator-team.com\/en\/wp-json\/wp\/v2\/media?parent=5223"}],"wp:term":[{"taxonomy":"category","embeddable":true,"href":"https:\/\/content-creator-team.com\/en\/wp-json\/wp\/v2\/categories?post=5223"},{"taxonomy":"post_tag","embeddable":true,"href":"https:\/\/content-creator-team.com\/en\/wp-json\/wp\/v2\/tags?post=5223"}],"curies":[{"name":"wp","href":"https:\/\/api.w.org\/{rel}","templated":true}]}}