{"id":5205,"date":"2025-03-26T10:36:52","date_gmt":"2025-03-26T09:36:52","guid":{"rendered":"https:\/\/content-creator-team.com\/?p=5205"},"modified":"2025-03-26T16:26:00","modified_gmt":"2025-03-26T15:26:00","slug":"videografo-mallorca","status":"publish","type":"post","link":"https:\/\/content-creator-team.com\/es\/videografo-mallorca\/","title":{"rendered":"Vide\u00f3grafo Mallorca: V\u00eddeos de marca de alta calidad de un \u00fanico proveedor"},"content":{"rendered":"\t\t<div data-elementor-type=\"wp-post\" data-elementor-id=\"5205\" class=\"elementor elementor-5205\">\n\t\t\t\t<div class=\"elementor-element elementor-element-a8a11f3 e-flex e-con-boxed e-con e-parent\" data-id=\"a8a11f3\" data-element_type=\"container\" data-e-type=\"container\">\n\t\t\t\t\t<div class=\"e-con-inner\">\n\t\t\t\t<div class=\"elementor-element elementor-element-8838f74 elementor-invisible elementor-widget elementor-widget-text-editor\" data-id=\"8838f74\" data-element_type=\"widget\" data-e-type=\"widget\" data-settings=\"{&quot;_animation&quot;:&quot;fadeIn&quot;,&quot;_animation_delay&quot;:300}\" data-widget_type=\"text-editor.default\">\n\t\t\t\t<div class=\"elementor-widget-container\">\n\t\t\t\t\t\t\t\t\t<h1 class=\"\" data-start=\"285\" data-end=\"350\"><strong data-start=\"287\" data-end=\"350\">Videograf Mallorca: Hochwertige Markenvideos aus einer Hand<\/strong><\/h1><p class=\"\" data-start=\"352\" data-end=\"691\">In der heutigen digitalen \u00c4ra sind visuelle Inhalte entscheidend f\u00fcr den Erfolg von Unternehmen, Agenturen, Hotels und Marken. Professionelle Videos und Fotos steigern nicht nur die Sichtbarkeit, sondern auch das Engagement und die Bindung Ihrer Zielgruppe. <span class=\"relative -mx-px my-[-0.2rem] rounded px-px py-[0.2rem]\">Auf Mallorca bietet unser eingespieltes Team aus Videografen, Fotografen, Drohnenpiloten und Models ma\u00dfgeschneiderte Content-Produktionen, die Ihre Marke authentisch und wirkungsvoll pr\u00e4sentieren.<\/span><\/p>\t\t\t\t\t\t\t\t<\/div>\n\t\t\t\t<\/div>\n\t\t\t\t<div class=\"elementor-element elementor-element-a0cc397 elementor-button-success elementor-align-center elementor-widget elementor-widget-button\" data-id=\"a0cc397\" data-element_type=\"widget\" data-e-type=\"widget\" data-widget_type=\"button.default\">\n\t\t\t\t<div class=\"elementor-widget-container\">\n\t\t\t\t\t\t\t\t\t<div class=\"elementor-button-wrapper\">\n\t\t\t\t\t<a class=\"elementor-button elementor-button-link elementor-size-md elementor-animation-grow\" href=\"https:\/\/eva-schug.de\/kontakt\/\">\n\t\t\t\t\t\t<span class=\"elementor-button-content-wrapper\">\n\t\t\t\t\t\t\t\t\t<span class=\"elementor-button-text\">Jetzt anfragen!<\/span>\n\t\t\t\t\t<\/span>\n\t\t\t\t\t<\/a>\n\t\t\t\t<\/div>\n\t\t\t\t\t\t\t\t<\/div>\n\t\t\t\t<\/div>\n\t\t\t\t\t<\/div>\n\t\t\t\t<\/div>\n\t\t<div class=\"elementor-element elementor-element-e720df1 e-flex e-con-boxed e-con e-parent\" data-id=\"e720df1\" data-element_type=\"container\" data-e-type=\"container\">\n\t\t\t\t\t<div class=\"e-con-inner\">\n\t\t\t\t<div class=\"elementor-element elementor-element-dd46e46 elementor-invisible elementor-widget elementor-widget-text-editor\" data-id=\"dd46e46\" data-element_type=\"widget\" data-e-type=\"widget\" data-settings=\"{&quot;_animation&quot;:&quot;fadeIn&quot;,&quot;_animation_delay&quot;:300}\" data-widget_type=\"text-editor.default\">\n\t\t\t\t<div class=\"elementor-widget-container\">\n\t\t\t\t\t\t\t\t\t<h2 class=\"\" data-start=\"698\" data-end=\"751\"><strong data-start=\"701\" data-end=\"751\">Die Vorteile eines eingespielten Content-Teams<\/strong><\/h2><p class=\"\" data-start=\"753\" data-end=\"836\">Die Zusammenarbeit mit einem harmonischen Team bringt zahlreiche Vorteile mit sich:<\/p><ul data-start=\"838\" data-end=\"1239\"><li class=\"\" data-start=\"838\" data-end=\"936\"><p class=\"\" data-start=\"840\" data-end=\"936\"><strong data-start=\"840\" data-end=\"854\">Effizienz:<\/strong> <span class=\"relative -mx-px my-[-0.2rem] rounded px-px py-[0.2rem]\">Ein abgestimmtes Team arbeitet nahtlos zusammen, wodurch Produktionszeiten verk\u00fcrzt und Ressourcen optimal genutzt werden.<\/span>\u200b<\/p><\/li><li class=\"\" data-start=\"938\" data-end=\"1037\"><p class=\"\" data-start=\"940\" data-end=\"1037\"><strong data-start=\"940\" data-end=\"955\">Konsistenz:<\/strong> <span class=\"relative -mx-px my-[-0.2rem] rounded px-px py-[0.2rem]\">Durch gemeinsame Erfahrung entsteht ein einheitlicher Stil, der Ihre Markenbotschaft klar und konsistent vermittelt.<\/span>\u200b<\/p><\/li><li class=\"\" data-start=\"1039\" data-end=\"1140\"><p class=\"\" data-start=\"1041\" data-end=\"1140\"><strong data-start=\"1041\" data-end=\"1058\">Flexibilit\u00e4t:<\/strong> <span class=\"relative -mx-px my-[-0.2rem] rounded px-px py-[0.2rem]\">Unser Team passt sich flexibel Ihren individuellen Anforderungen an und bietet kreative L\u00f6sungen f\u00fcr jede Herausforderung.<\/span>\u200b<\/p><\/li><li class=\"\" data-start=\"1142\" data-end=\"1239\"><p class=\"\" data-start=\"1144\" data-end=\"1239\"><strong data-start=\"1144\" data-end=\"1157\">Qualit\u00e4t:<\/strong> <span class=\"relative -mx-px my-[-0.2rem] rounded px-px py-[0.2rem]\">Die eingespielte Zusammenarbeit garantiert hochwertige Ergebnisse, die Ihre Erwartungen \u00fcbertreffen.<\/span>\u200b<\/p><\/li><\/ul><h2 class=\"\" data-start=\"1246\" data-end=\"1289\"><strong data-start=\"1249\" data-end=\"1289\">Beispiele erfolgreicher Produktionen<\/strong><\/h2><p class=\"\" data-start=\"1291\" data-end=\"1336\">Unser Portfolio umfasst vielf\u00e4ltige Projekte:<\/p><ul data-start=\"1338\" data-end=\"1752\"><li class=\"\" data-start=\"1338\" data-end=\"1437\"><p class=\"\" data-start=\"1340\" data-end=\"1437\"><strong data-start=\"1340\" data-end=\"1351\">Hotels:<\/strong> <span class=\"relative -mx-px my-[-0.2rem] rounded px-px py-[0.2rem]\">Atmosph\u00e4rische Videos, die die Einzigartigkeit und den Charme Ihres Hauses einfangen.<\/span>\u200b<\/p><\/li><li class=\"\" data-start=\"1439\" data-end=\"1540\"><p class=\"\" data-start=\"1441\" data-end=\"1540\"><strong data-start=\"1441\" data-end=\"1454\">Produkte:<\/strong> <span class=\"relative -mx-px my-[-0.2rem] rounded px-px py-[0.2rem]\">Dynamische Produktvideos, die Funktionen und Vorteile hervorheben und potenzielle Kunden \u00fcberzeugen.<\/span>\u200b<\/p><\/li><li class=\"\" data-start=\"1542\" data-end=\"1652\"><p class=\"\" data-start=\"1544\" data-end=\"1652\"><strong data-start=\"1544\" data-end=\"1566\">Personal Branding:<\/strong> <span class=\"relative -mx-px my-[-0.2rem] rounded px-px py-[0.2rem]\">Authentische Portraits und Videos, die Ihre Pers\u00f6nlichkeit und Expertise unterstreichen.<\/span>\u200b<\/p><\/li><li class=\"\" data-start=\"1654\" data-end=\"1752\"><p class=\"\" data-start=\"1656\" data-end=\"1752\"><strong data-start=\"1656\" data-end=\"1666\">Reels:<\/strong> <span class=\"relative -mx-px my-[-0.2rem] rounded px-px py-[0.2rem]\">Kurzvideos f\u00fcr Social Media, die Trends aufgreifen und Ihre Reichweite erh\u00f6hen.<\/span><\/p><\/li><\/ul>\t\t\t\t\t\t\t\t<\/div>\n\t\t\t\t<\/div>\n\t\t\t\t\t<\/div>\n\t\t\t\t<\/div>\n\t\t<div class=\"elementor-element elementor-element-5ecf4eb e-grid e-con-boxed e-con e-parent\" data-id=\"5ecf4eb\" data-element_type=\"container\" data-e-type=\"container\">\n\t\t\t\t\t<div class=\"e-con-inner\">\n\t\t\t\t<div class=\"elementor-element elementor-element-7acd559 elementor-widget elementor-widget-image\" data-id=\"7acd559\" data-element_type=\"widget\" data-e-type=\"widget\" data-widget_type=\"image.default\">\n\t\t\t\t<div class=\"elementor-widget-container\">\n\t\t\t\t\t\t\t\t\t\t\t\t\t\t\t<img fetchpriority=\"high\" decoding=\"async\" width=\"683\" height=\"1024\" src=\"https:\/\/content-creator-team.com\/wp-content\/uploads\/2025\/03\/DJI_0716web-683x1024.jpg\" class=\"attachment-large size-large wp-image-5208\" alt=\"Videograf Mallorca Leandra Weber\" srcset=\"https:\/\/content-creator-team.com\/wp-content\/uploads\/2025\/03\/DJI_0716web-683x1024.jpg 683w, https:\/\/content-creator-team.com\/wp-content\/uploads\/2025\/03\/DJI_0716web-200x300.jpg 200w, https:\/\/content-creator-team.com\/wp-content\/uploads\/2025\/03\/DJI_0716web-768x1152.jpg 768w, https:\/\/content-creator-team.com\/wp-content\/uploads\/2025\/03\/DJI_0716web-1024x1536.jpg 1024w, https:\/\/content-creator-team.com\/wp-content\/uploads\/2025\/03\/DJI_0716web-1365x2048.jpg 1365w, https:\/\/content-creator-team.com\/wp-content\/uploads\/2025\/03\/DJI_0716web-8x12.jpg 8w, https:\/\/content-creator-team.com\/wp-content\/uploads\/2025\/03\/DJI_0716web-1400x2100.jpg 1400w, https:\/\/content-creator-team.com\/wp-content\/uploads\/2025\/03\/DJI_0716web-800x1200.jpg 800w, https:\/\/content-creator-team.com\/wp-content\/uploads\/2025\/03\/DJI_0716web-scaled.jpg 1706w\" sizes=\"(max-width: 683px) 100vw, 683px\" \/>\t\t\t\t\t\t\t\t\t\t\t\t\t\t\t<\/div>\n\t\t\t\t<\/div>\n\t\t\t\t<div class=\"elementor-element elementor-element-1efda05 elementor-widget elementor-widget-image\" data-id=\"1efda05\" data-element_type=\"widget\" data-e-type=\"widget\" data-widget_type=\"image.default\">\n\t\t\t\t<div class=\"elementor-widget-container\">\n\t\t\t\t\t\t\t\t\t\t\t\t\t\t\t<img decoding=\"async\" width=\"683\" height=\"1024\" src=\"https:\/\/content-creator-team.com\/wp-content\/uploads\/2025\/03\/DJI_0745web-683x1024.jpg\" class=\"attachment-large size-large wp-image-5209\" alt=\"Videograf Mallorca Leandra Weber\" srcset=\"https:\/\/content-creator-team.com\/wp-content\/uploads\/2025\/03\/DJI_0745web-683x1024.jpg 683w, https:\/\/content-creator-team.com\/wp-content\/uploads\/2025\/03\/DJI_0745web-200x300.jpg 200w, https:\/\/content-creator-team.com\/wp-content\/uploads\/2025\/03\/DJI_0745web-768x1152.jpg 768w, https:\/\/content-creator-team.com\/wp-content\/uploads\/2025\/03\/DJI_0745web-1024x1536.jpg 1024w, https:\/\/content-creator-team.com\/wp-content\/uploads\/2025\/03\/DJI_0745web-1365x2048.jpg 1365w, https:\/\/content-creator-team.com\/wp-content\/uploads\/2025\/03\/DJI_0745web-8x12.jpg 8w, https:\/\/content-creator-team.com\/wp-content\/uploads\/2025\/03\/DJI_0745web-1400x2100.jpg 1400w, https:\/\/content-creator-team.com\/wp-content\/uploads\/2025\/03\/DJI_0745web-800x1200.jpg 800w, https:\/\/content-creator-team.com\/wp-content\/uploads\/2025\/03\/DJI_0745web-scaled.jpg 1707w\" sizes=\"(max-width: 683px) 100vw, 683px\" \/>\t\t\t\t\t\t\t\t\t\t\t\t\t\t\t<\/div>\n\t\t\t\t<\/div>\n\t\t\t\t\t<\/div>\n\t\t\t\t<\/div>\n\t\t<div class=\"elementor-element elementor-element-0091c3a e-flex e-con-boxed e-con e-parent\" data-id=\"0091c3a\" data-element_type=\"container\" data-e-type=\"container\">\n\t\t\t\t\t<div class=\"e-con-inner\">\n\t\t\t\t<div class=\"elementor-element elementor-element-783d489 elementor-invisible elementor-widget elementor-widget-text-editor\" data-id=\"783d489\" data-element_type=\"widget\" data-e-type=\"widget\" data-settings=\"{&quot;_animation&quot;:&quot;fadeIn&quot;,&quot;_animation_delay&quot;:300}\" data-widget_type=\"text-editor.default\">\n\t\t\t\t<div class=\"elementor-widget-container\">\n\t\t\t\t\t\t\t\t\t<h2 class=\"\" data-start=\"1759\" data-end=\"1800\"><strong data-start=\"1762\" data-end=\"1800\">Der Produktionsablauf auf Mallorca<\/strong><\/h2><p class=\"\" data-start=\"1802\" data-end=\"1871\">Ein strukturierter Prozess gew\u00e4hrleistet den Erfolg jeder Produktion:<\/p><ol data-start=\"1873\" data-end=\"2288\"><li class=\"\" data-start=\"1873\" data-end=\"1974\"><p class=\"\" data-start=\"1876\" data-end=\"1974\"><strong data-start=\"1876\" data-end=\"1888\">Planung:<\/strong> <span class=\"relative -mx-px my-[-0.2rem] rounded px-px py-[0.2rem]\">Gemeinsame Definition von Zielen, Zielgruppen und Botschaften.<\/span>\u200b<\/p><\/li><li class=\"\" data-start=\"1976\" data-end=\"2080\"><p class=\"\" data-start=\"1979\" data-end=\"2080\"><strong data-start=\"1979\" data-end=\"1994\">Storyboard:<\/strong> <span class=\"relative -mx-px my-[-0.2rem] rounded px-px py-[0.2rem]\">Visuelle Skizzierung der Szenen f\u00fcr einen klaren Ablauf und konsistente Umsetzung.<\/span>\u200b<\/p><\/li><li class=\"\" data-start=\"2082\" data-end=\"2185\"><p class=\"\" data-start=\"2085\" data-end=\"2185\"><strong data-start=\"2085\" data-end=\"2099\">Umsetzung:<\/strong> <span class=\"relative -mx-px my-[-0.2rem] rounded px-px py-[0.2rem]\">Dreharbeiten an ausgew\u00e4hlten Locations mit professionellem Equipment und Team.<\/span>\u200b<\/p><\/li><li class=\"\" data-start=\"2187\" data-end=\"2288\"><p class=\"\" data-start=\"2190\" data-end=\"2288\"><strong data-start=\"2190\" data-end=\"2202\">Schnitt:<\/strong> <span class=\"relative -mx-px my-[-0.2rem] rounded px-px py-[0.2rem]\">Postproduktion mit Fokus auf Details, Farbkorrektur und Sounddesign f\u00fcr ein perfektes Endprodukt.<\/span><\/p><\/li><\/ol>\t\t\t\t\t\t\t\t<\/div>\n\t\t\t\t<\/div>\n\t\t\t\t\t<\/div>\n\t\t\t\t<\/div>\n\t\t<div class=\"elementor-element elementor-element-d49afff e-flex e-con-boxed e-con e-parent\" data-id=\"d49afff\" data-element_type=\"container\" data-e-type=\"container\">\n\t\t\t\t\t<div class=\"e-con-inner\">\n\t\t\t\t<div class=\"elementor-element elementor-element-f735738 elementor-button-success elementor-align-center elementor-widget elementor-widget-button\" data-id=\"f735738\" data-element_type=\"widget\" data-e-type=\"widget\" data-widget_type=\"button.default\">\n\t\t\t\t<div class=\"elementor-widget-container\">\n\t\t\t\t\t\t\t\t\t<div class=\"elementor-button-wrapper\">\n\t\t\t\t\t<a class=\"elementor-button elementor-button-link elementor-size-md elementor-animation-grow\" href=\"https:\/\/content-creator-team.com\/kontakt\/\">\n\t\t\t\t\t\t<span class=\"elementor-button-content-wrapper\">\n\t\t\t\t\t\t\t\t\t<span class=\"elementor-button-text\">Jetzt anfragen!<\/span>\n\t\t\t\t\t<\/span>\n\t\t\t\t\t<\/a>\n\t\t\t\t<\/div>\n\t\t\t\t\t\t\t\t<\/div>\n\t\t\t\t<\/div>\n\t\t\t\t\t<\/div>\n\t\t\t\t<\/div>\n\t\t<div class=\"elementor-element elementor-element-0640889 e-flex e-con-boxed e-con e-parent\" data-id=\"0640889\" data-element_type=\"container\" data-e-type=\"container\">\n\t\t\t\t\t<div class=\"e-con-inner\">\n\t\t\t\t<div class=\"elementor-element elementor-element-82d4381 elementor-invisible elementor-widget elementor-widget-text-editor\" data-id=\"82d4381\" data-element_type=\"widget\" data-e-type=\"widget\" data-settings=\"{&quot;_animation&quot;:&quot;fadeIn&quot;,&quot;_animation_delay&quot;:300}\" data-widget_type=\"text-editor.default\">\n\t\t\t\t<div class=\"elementor-widget-container\">\n\t\t\t\t\t\t\t\t\t<h2 class=\"\" data-start=\"260\" data-end=\"337\"><strong data-start=\"263\" data-end=\"337\">Technisches Know-how & professionelles Equipment \u2013 weil Qualit\u00e4t z\u00e4hlt<\/strong><\/h2><p class=\"\" data-start=\"339\" data-end=\"721\">Ein starkes Markenvideo lebt nicht nur von der Idee, sondern auch von der technischen Umsetzung. Unser Team auf Mallorca arbeitet mit modernstem Equipment \u2013 von 4K-Kameras \u00fcber Gimbals bis hin zu lizenzierten Drohnen (A1\/A3, A2). Diese technischen Ressourcen erm\u00f6glichen es uns, sowohl am Boden als auch aus der Luft beeindruckende, fl\u00fcssige und detailreiche Aufnahmen zu erstellen.<\/p><p class=\"\" data-start=\"723\" data-end=\"1053\">Zudem verf\u00fcgen wir \u00fcber alle n\u00f6tigen Genehmigungen und Kenntnisse f\u00fcr rechtssichere Drohneneins\u00e4tze auf der Insel \u2013 das spart dir Zeit, Nerven und rechtliche Unsicherheiten. Als Videograf auf Mallorca wissen wir, worauf es ankommt: Bildqualit\u00e4t, Lichtf\u00fchrung, Storytelling und Sounddesign \u2013 alles muss perfekt zusammenspielen.<\/p>\t\t\t\t\t\t\t\t<\/div>\n\t\t\t\t<\/div>\n\t\t\t\t\t<\/div>\n\t\t\t\t<\/div>\n\t\t<div class=\"elementor-element elementor-element-ca5adf0 e-flex e-con-boxed e-con e-parent\" data-id=\"ca5adf0\" data-element_type=\"container\" data-e-type=\"container\">\n\t\t\t\t\t<div class=\"e-con-inner\">\n\t\t\t\t<div class=\"elementor-element elementor-element-9f4471b elementor-widget elementor-widget-text-editor\" data-id=\"9f4471b\" data-element_type=\"widget\" data-e-type=\"widget\" data-widget_type=\"text-editor.default\">\n\t\t\t\t<div class=\"elementor-widget-container\">\n\t\t\t\t\t\t\t\t\t<h2 class=\"\" data-start=\"1060\" data-end=\"1132\"><strong data-start=\"1063\" data-end=\"1132\">Von der Idee bis zum fertigen Video \u2013 unser strukturierter Ablauf<\/strong><\/h2><p class=\"\" data-start=\"1134\" data-end=\"1336\">Eine erfolgreiche Produktion beginnt mit einer klaren Struktur. Bei uns bekommst du keine \u00dcberraschungen, sondern einen professionellen, transparenten Prozess \u2013 vom ersten Gespr\u00e4ch bis zur Auslieferung.<\/p><ol data-start=\"1338\" data-end=\"1957\"><li class=\"\" data-start=\"1338\" data-end=\"1436\"><p class=\"\" data-start=\"1341\" data-end=\"1436\"><strong data-start=\"1341\" data-end=\"1365\">Kick-off & Beratung:<\/strong> Wir lernen deine Marke kennen, analysieren Zielgruppe, Werte & Vision.<\/p><\/li><li class=\"\" data-start=\"1437\" data-end=\"1536\"><p class=\"\" data-start=\"1440\" data-end=\"1536\"><strong data-start=\"1440\" data-end=\"1465\">Konzept & Storyboard:<\/strong> Wir entwickeln ein individuelles visuelles Konzept, das Wirkung zeigt.<\/p><\/li><li class=\"\" data-start=\"1537\" data-end=\"1644\"><p class=\"\" data-start=\"1540\" data-end=\"1644\"><strong data-start=\"1540\" data-end=\"1569\">Location- & Team-Planung:<\/strong> Passend zu deinem Projekt w\u00e4hlen wir Location, Model, Stylist:in und Team.<\/p><\/li><li class=\"\" data-start=\"1645\" data-end=\"1754\"><p class=\"\" data-start=\"1648\" data-end=\"1754\"><strong data-start=\"1648\" data-end=\"1670\">Dreh & Fotografie:<\/strong> Effiziente, professionelle Umsetzung auf Mallorca \u2013 abgestimmt auf Timing & Wetter.<\/p><\/li><li class=\"\" data-start=\"1755\" data-end=\"1857\"><p class=\"\" data-start=\"1758\" data-end=\"1857\"><strong data-start=\"1758\" data-end=\"1787\">Schnitt & Postproduktion:<\/strong> Hochwertige Bearbeitung inkl. Musik, Text, Farbe & Formatoptimierung.<\/p><\/li><li class=\"\" data-start=\"1858\" data-end=\"1957\"><p class=\"\" data-start=\"1861\" data-end=\"1957\"><strong data-start=\"1861\" data-end=\"1884\">\u00dcbergabe & Formate:<\/strong> Du erh\u00e4ltst alles fertig f\u00fcr Web, Social Media, Ads oder Pr\u00e4sentationen.<\/p><\/li><\/ol><p class=\"\" data-start=\"1959\" data-end=\"2109\">Dieser Workflow spart dir Koordination und Kommunikation mit vielen Einzelpersonen. Du hast ein Ziel \u2013 wir liefern dir daf\u00fcr die komplette Produktion.<\/p>\t\t\t\t\t\t\t\t<\/div>\n\t\t\t\t<\/div>\n\t\t\t\t\t<\/div>\n\t\t\t\t<\/div>\n\t\t<div class=\"elementor-element elementor-element-39a6407 e-flex e-con-boxed e-con e-parent\" data-id=\"39a6407\" data-element_type=\"container\" data-e-type=\"container\">\n\t\t\t\t\t<div class=\"e-con-inner\">\n\t\t\t\t<div class=\"elementor-element elementor-element-e3e06f2 elementor-widget elementor-widget-image\" data-id=\"e3e06f2\" data-element_type=\"widget\" data-e-type=\"widget\" data-widget_type=\"image.default\">\n\t\t\t\t<div class=\"elementor-widget-container\">\n\t\t\t\t\t\t\t\t\t\t\t\t\t\t\t<img decoding=\"async\" width=\"960\" height=\"640\" src=\"https:\/\/content-creator-team.com\/wp-content\/uploads\/2025\/03\/DSC8738quer-1024x683.jpg\" class=\"attachment-large size-large wp-image-4871\" alt=\"Videograf Mallorca Leandra Weber\" srcset=\"https:\/\/content-creator-team.com\/wp-content\/uploads\/2025\/03\/DSC8738quer-1024x683.jpg 1024w, https:\/\/content-creator-team.com\/wp-content\/uploads\/2025\/03\/DSC8738quer-300x200.jpg 300w, https:\/\/content-creator-team.com\/wp-content\/uploads\/2025\/03\/DSC8738quer-768x512.jpg 768w, https:\/\/content-creator-team.com\/wp-content\/uploads\/2025\/03\/DSC8738quer-1536x1024.jpg 1536w, https:\/\/content-creator-team.com\/wp-content\/uploads\/2025\/03\/DSC8738quer-2048x1365.jpg 2048w, https:\/\/content-creator-team.com\/wp-content\/uploads\/2025\/03\/DSC8738quer-18x12.jpg 18w, https:\/\/content-creator-team.com\/wp-content\/uploads\/2025\/03\/DSC8738quer-1400x933.jpg 1400w, https:\/\/content-creator-team.com\/wp-content\/uploads\/2025\/03\/DSC8738quer-800x533.jpg 800w\" sizes=\"(max-width: 960px) 100vw, 960px\" \/>\t\t\t\t\t\t\t\t\t\t\t\t\t\t\t<\/div>\n\t\t\t\t<\/div>\n\t\t\t\t\t<\/div>\n\t\t\t\t<\/div>\n\t\t<div class=\"elementor-element elementor-element-599a9d2 e-flex e-con-boxed e-con e-parent\" data-id=\"599a9d2\" data-element_type=\"container\" data-e-type=\"container\">\n\t\t\t\t\t<div class=\"e-con-inner\">\n\t\t\t\t<div class=\"elementor-element elementor-element-74f21b0 elementor-widget elementor-widget-text-editor\" data-id=\"74f21b0\" data-element_type=\"widget\" data-e-type=\"widget\" data-widget_type=\"text-editor.default\">\n\t\t\t\t<div class=\"elementor-widget-container\">\n\t\t\t\t\t\t\t\t\t<h2 class=\"\" data-start=\"2787\" data-end=\"2857\"><strong data-start=\"2790\" data-end=\"2857\">Unterschied: Einzelner Videograf vs. eingespieltes Content-Team<\/strong><\/h2><p class=\"\" data-start=\"2859\" data-end=\"2968\">W\u00e4hrend ein einzelner Videograf vielseitig sein kann, bietet ein spezialisiertes Team entscheidende Vorteile:<\/p><ul data-start=\"2970\" data-end=\"3286\"><li class=\"\" data-start=\"2970\" data-end=\"3073\"><p class=\"\" data-start=\"2972\" data-end=\"3073\"><strong data-start=\"2972\" data-end=\"2987\">Ressourcen:<\/strong> <span class=\"relative -mx-px my-[-0.2rem] rounded px-px py-[0.2rem]\">Mehr Fachkr\u00e4fte erm\u00f6glichen parallele Arbeitsprozesse und effizientere Produktionen.<\/span><\/p><\/li><li class=\"\" data-start=\"3075\" data-end=\"3177\"><p class=\"\" data-start=\"3077\" data-end=\"3177\"><strong data-start=\"3077\" data-end=\"3091\">Expertise:<\/strong> <span class=\"relative -mx-px my-[-0.2rem] rounded px-px py-[0.2rem]\">Spezialisierte Mitglieder bringen tiefgehendes Wissen in ihren jeweiligen Bereichen ein.<\/span><\/p><\/li><li class=\"\" data-start=\"3179\" data-end=\"3286\"><p class=\"\" data-start=\"3181\" data-end=\"3286\"><strong data-start=\"3181\" data-end=\"3200\">Skalierbarkeit:<\/strong> <span class=\"relative -mx-px my-[-0.2rem] rounded px-px py-[0.2rem]\">Gr\u00f6\u00dfere Projekte k\u00f6nnen schneller und effektiver realisiert werden.<\/span><\/p><\/li><\/ul><p>Professionelle Content-Produktionen sind ein Schl\u00fcssel zum Erfolg in der modernen Markenkommunikation. <span class=\"relative -mx-px my-[-0.2rem] rounded px-px py-[0.2rem]\">Auf Mallorca bietet unser eingespieltes Team aus Videografen, Fotografen, Drohnenpiloten und Models effiziente Komplettl\u00f6sungen in h\u00f6chster Qualit\u00e4t.<\/span> Vertrauen Sie auf unsere Expertise, um Ihre Marke authentisch und wirkungsvoll zu pr\u00e4sentieren.<\/p><h4 data-start=\"3598\" data-end=\"3680\"><strong data-start=\"3598\" data-end=\"3680\">Bereit, Ihre Marke mit professionellem Content auf das n\u00e4chste Level zu heben?<\/strong><\/h4><p class=\"\" data-start=\"3682\" data-end=\"3800\">Kontaktieren Sie uns f\u00fcr ein unverbindliches Beratungsgespr\u00e4ch und lassen Sie uns gemeinsam Ihre Vision verwirklichen.<\/p>\t\t\t\t\t\t\t\t<\/div>\n\t\t\t\t<\/div>\n\t\t\t\t<div class=\"elementor-element elementor-element-5ae8c96 elementor-button-success elementor-align-center elementor-widget elementor-widget-button\" data-id=\"5ae8c96\" data-element_type=\"widget\" data-e-type=\"widget\" data-widget_type=\"button.default\">\n\t\t\t\t<div class=\"elementor-widget-container\">\n\t\t\t\t\t\t\t\t\t<div class=\"elementor-button-wrapper\">\n\t\t\t\t\t<a class=\"elementor-button elementor-button-link elementor-size-md elementor-animation-grow\" href=\"https:\/\/eva-schug.de\/kontakt\/\">\n\t\t\t\t\t\t<span class=\"elementor-button-content-wrapper\">\n\t\t\t\t\t\t\t\t\t<span class=\"elementor-button-text\">Jetzt anfragen!<\/span>\n\t\t\t\t\t<\/span>\n\t\t\t\t\t<\/a>\n\t\t\t\t<\/div>\n\t\t\t\t\t\t\t\t<\/div>\n\t\t\t\t<\/div>\n\t\t\t\t\t<\/div>\n\t\t\t\t<\/div>\n\t\t<div class=\"elementor-element elementor-element-be69dcb e-flex e-con-boxed e-con e-parent\" data-id=\"be69dcb\" data-element_type=\"container\" data-e-type=\"container\">\n\t\t\t\t\t<div class=\"e-con-inner\">\n\t\t\t\t<div class=\"elementor-element elementor-element-581c8fa elementor-widget elementor-widget-text-editor\" data-id=\"581c8fa\" data-element_type=\"widget\" data-e-type=\"widget\" data-widget_type=\"text-editor.default\">\n\t\t\t\t<div class=\"elementor-widget-container\">\n\t\t\t\t\t\t\t\t\t<h2 class=\"\" data-start=\"3897\" data-end=\"3908\"><strong data-start=\"3900\" data-end=\"3908\">FAQs<\/strong><\/h2><p class=\"\" data-start=\"3910\" data-end=\"4115\"><strong data-start=\"3910\" data-end=\"3955\">1. Welche Arten von Videos bieten Sie an?<\/strong><br data-start=\"3955\" data-end=\"3958\" \/>Wir produzieren Imagefilme, Produktvideos, Hotelpr\u00e4sentationen, Personal Branding Videos und Social Media Reels, individuell abgestimmt auf Ihre Bed\u00fcrfnisse.<\/p><p class=\"\" data-start=\"4117\" data-end=\"4274\"><strong data-start=\"4117\" data-end=\"4166\">2. Wie lange dauert eine typische Produktion?<\/strong><br data-start=\"4166\" data-end=\"4169\" \/>Die Dauer variiert je nach Projektumfang. Nach der Planung k\u00f6nnen wir einen genauen Zeitrahmen festlegen.<\/p><p class=\"\" data-start=\"4276\" data-end=\"4428\"><strong data-start=\"4276\" data-end=\"4317\">3. Sind Drohnenaufnahmen inbegriffen?<\/strong><br data-start=\"4317\" data-end=\"4320\" \/>Ja, wir bieten Drohnenaufnahmen an, durchgef\u00fchrt von zertifizierten Piloten mit den erforderlichen Lizenzen.<\/p><p class=\"\" data-start=\"4430\" data-end=\"4582\"><strong data-start=\"4430\" data-end=\"4467\">4. Arbeiten Sie nur auf Mallorca?<\/strong><br data-start=\"4467\" data-end=\"4470\" \/>Obwohl unser Hauptstandort Mallorca und Frankfurt am Main ist, sind wir flexibel und k\u00f6nnen Produktionen an anderen Orten realisieren.<\/p><p class=\"\" data-start=\"4584\" data-end=\"4784\"><strong data-start=\"4584\" data-end=\"4634\">5. Wie kann ich ein Projekt mit Ihnen starten?<\/strong><br data-start=\"4634\" data-end=\"4637\" \/>Kontaktieren Sie uns \u00fcber unsere Website f\u00fcr ein erstes Beratungsgespr\u00e4ch, in dem wir Ihre Anforderungen besprechen und den weiteren Ablauf planen.<\/p>\t\t\t\t\t\t\t\t<\/div>\n\t\t\t\t<\/div>\n\t\t\t\t\t<\/div>\n\t\t\t\t<\/div>\n\t\t<div class=\"elementor-element elementor-element-005f7fa e-flex e-con-boxed e-con e-parent\" data-id=\"005f7fa\" data-element_type=\"container\" data-e-type=\"container\">\n\t\t\t\t\t<div class=\"e-con-inner\">\n\t\t\t\t<div class=\"elementor-element elementor-element-95e8c26 elementor-button-success elementor-align-center elementor-widget elementor-widget-button\" data-id=\"95e8c26\" data-element_type=\"widget\" data-e-type=\"widget\" data-widget_type=\"button.default\">\n\t\t\t\t<div class=\"elementor-widget-container\">\n\t\t\t\t\t\t\t\t\t<div class=\"elementor-button-wrapper\">\n\t\t\t\t\t<a class=\"elementor-button elementor-button-link elementor-size-md elementor-animation-grow\" href=\"https:\/\/content-creator-team.com\/kontakt\/\">\n\t\t\t\t\t\t<span class=\"elementor-button-content-wrapper\">\n\t\t\t\t\t\t\t\t\t<span class=\"elementor-button-text\">Jetzt anfragen!<\/span>\n\t\t\t\t\t<\/span>\n\t\t\t\t\t<\/a>\n\t\t\t\t<\/div>\n\t\t\t\t\t\t\t\t<\/div>\n\t\t\t\t<\/div>\n\t\t\t\t\t<\/div>\n\t\t\t\t<\/div>\n\t\t\t\t<\/div>\n\t\t","protected":false},"excerpt":{"rendered":"<p>Videograf Mallorca: Hochwertige Markenvideos aus einer Hand In der heutigen digitalen \u00c4ra sind visuelle Inhalte entscheidend f\u00fcr den Erfolg von Unternehmen, Agenturen, Hotels und Marken. Professionelle Videos und Fotos steigern nicht nur die Sichtbarkeit, sondern auch das Engagement und die Bindung Ihrer Zielgruppe. Auf Mallorca bietet unser eingespieltes Team aus Videografen, Fotografen, Drohnenpiloten und Models ma\u00dfgeschneiderte Content-Produktionen, die Ihre Marke authentisch und wirkungsvoll pr\u00e4sentieren. Jetzt anfragen! Die Vorteile eines eingespielten Content-Teams Die Zusammenarbeit mit einem harmonischen Team bringt zahlreiche Vorteile [&hellip;]<\/p>\n","protected":false},"author":1,"featured_media":5208,"comment_status":"closed","ping_status":"open","sticky":false,"template":"elementor_header_footer","format":"image","meta":{"footnotes":""},"categories":[5,6],"tags":[],"class_list":["post-5205","post","type-post","status-publish","format-image","has-post-thumbnail","hentry","category-photography","category-story","post_format-post-format-image"],"yoast_head":"<!-- This site is optimized with the Yoast SEO plugin v27.5 - https:\/\/yoast.com\/product\/yoast-seo-wordpress\/ -->\n<title>Videograf Mallorca \u2605 Hochwertige Markenvideos aus einer Hand<\/title>\n<meta name=\"description\" content=\"Videograf Mallorca \u2605 Videoproduktionen f\u00fcr Unternehmen, Hotels und Marken. Unser Team liefert Komplettl\u00f6sungen in h\u00f6chster Qualit\u00e4t.\" \/>\n<meta name=\"robots\" content=\"index, follow, max-snippet:-1, max-image-preview:large, max-video-preview:-1\" \/>\n<link rel=\"canonical\" href=\"https:\/\/content-creator-team.com\/es\/videografo-mallorca\/\" \/>\n<meta property=\"og:locale\" content=\"es_ES\" \/>\n<meta property=\"og:type\" content=\"article\" \/>\n<meta property=\"og:title\" content=\"Videograf Mallorca \u2605 Hochwertige Markenvideos aus einer Hand\" \/>\n<meta property=\"og:description\" content=\"Videograf Mallorca \u2605 Videoproduktionen f\u00fcr Unternehmen, Hotels und Marken. Unser Team liefert Komplettl\u00f6sungen in h\u00f6chster Qualit\u00e4t.\" \/>\n<meta property=\"og:url\" content=\"https:\/\/content-creator-team.com\/es\/videografo-mallorca\/\" \/>\n<meta property=\"og:site_name\" content=\"Content Creator Team - Germany &amp; Mallorca\" \/>\n<meta property=\"article:published_time\" content=\"2025-03-26T09:36:52+00:00\" \/>\n<meta property=\"article:modified_time\" content=\"2025-03-26T15:26:00+00:00\" \/>\n<meta property=\"og:image\" content=\"https:\/\/content-creator-team.com\/wp-content\/uploads\/2025\/03\/DJI_0716web-scaled.jpg\" \/>\n\t<meta property=\"og:image:width\" content=\"1706\" \/>\n\t<meta property=\"og:image:height\" content=\"2560\" \/>\n\t<meta property=\"og:image:type\" content=\"image\/jpeg\" \/>\n<meta name=\"author\" content=\"Lea\" \/>\n<meta name=\"twitter:card\" content=\"summary_large_image\" \/>\n<meta name=\"twitter:label1\" content=\"Escrito por\" \/>\n\t<meta name=\"twitter:data1\" content=\"Lea\" \/>\n\t<meta name=\"twitter:label2\" content=\"Tiempo de lectura\" \/>\n\t<meta name=\"twitter:data2\" content=\"5 minutos\" \/>\n<script type=\"application\/ld+json\" class=\"yoast-schema-graph\">{\"@context\":\"https:\\\/\\\/schema.org\",\"@graph\":[{\"@type\":[\"Article\",\"BlogPosting\"],\"@id\":\"https:\\\/\\\/content-creator-team.com\\\/videograf-mallorca\\\/#article\",\"isPartOf\":{\"@id\":\"https:\\\/\\\/content-creator-team.com\\\/videograf-mallorca\\\/\"},\"author\":{\"name\":\"Lea\",\"@id\":\"https:\\\/\\\/content-creator-team.com\\\/#\\\/schema\\\/person\\\/7a67262b5593998c9e40d7d30de3656d\"},\"headline\":\"Videograf Mallorca: Hochwertige Markenvideos aus einer Hand\",\"datePublished\":\"2025-03-26T09:36:52+00:00\",\"dateModified\":\"2025-03-26T15:26:00+00:00\",\"mainEntityOfPage\":{\"@id\":\"https:\\\/\\\/content-creator-team.com\\\/videograf-mallorca\\\/\"},\"wordCount\":787,\"publisher\":{\"@id\":\"https:\\\/\\\/content-creator-team.com\\\/#\\\/schema\\\/person\\\/7a67262b5593998c9e40d7d30de3656d\"},\"image\":{\"@id\":\"https:\\\/\\\/content-creator-team.com\\\/videograf-mallorca\\\/#primaryimage\"},\"thumbnailUrl\":\"https:\\\/\\\/content-creator-team.com\\\/wp-content\\\/uploads\\\/2025\\\/03\\\/DJI_0716web-scaled.jpg\",\"articleSection\":[\"Photography\",\"Story\"],\"inLanguage\":\"es\"},{\"@type\":[\"WebPage\",\"FAQPage\"],\"@id\":\"https:\\\/\\\/content-creator-team.com\\\/videograf-mallorca\\\/\",\"url\":\"https:\\\/\\\/content-creator-team.com\\\/videograf-mallorca\\\/\",\"name\":\"Videograf Mallorca \u2605 Hochwertige Markenvideos aus einer Hand\",\"isPartOf\":{\"@id\":\"https:\\\/\\\/content-creator-team.com\\\/#website\"},\"primaryImageOfPage\":{\"@id\":\"https:\\\/\\\/content-creator-team.com\\\/videograf-mallorca\\\/#primaryimage\"},\"image\":{\"@id\":\"https:\\\/\\\/content-creator-team.com\\\/videograf-mallorca\\\/#primaryimage\"},\"thumbnailUrl\":\"https:\\\/\\\/content-creator-team.com\\\/wp-content\\\/uploads\\\/2025\\\/03\\\/DJI_0716web-scaled.jpg\",\"datePublished\":\"2025-03-26T09:36:52+00:00\",\"dateModified\":\"2025-03-26T15:26:00+00:00\",\"description\":\"Videograf Mallorca \u2605 Videoproduktionen f\u00fcr Unternehmen, Hotels und Marken. Unser Team liefert Komplettl\u00f6sungen in h\u00f6chster Qualit\u00e4t.\",\"breadcrumb\":{\"@id\":\"https:\\\/\\\/content-creator-team.com\\\/videograf-mallorca\\\/#breadcrumb\"},\"inLanguage\":\"es\",\"potentialAction\":[{\"@type\":\"ReadAction\",\"target\":[\"https:\\\/\\\/content-creator-team.com\\\/videograf-mallorca\\\/\"]}]},{\"@type\":\"ImageObject\",\"inLanguage\":\"es\",\"@id\":\"https:\\\/\\\/content-creator-team.com\\\/videograf-mallorca\\\/#primaryimage\",\"url\":\"https:\\\/\\\/content-creator-team.com\\\/wp-content\\\/uploads\\\/2025\\\/03\\\/DJI_0716web-scaled.jpg\",\"contentUrl\":\"https:\\\/\\\/content-creator-team.com\\\/wp-content\\\/uploads\\\/2025\\\/03\\\/DJI_0716web-scaled.jpg\",\"width\":1706,\"height\":2560,\"caption\":\"Videograf Mallorca Leandra Weber\"},{\"@type\":\"BreadcrumbList\",\"@id\":\"https:\\\/\\\/content-creator-team.com\\\/videograf-mallorca\\\/#breadcrumb\",\"itemListElement\":[{\"@type\":\"ListItem\",\"position\":1,\"name\":\"Startseite\",\"item\":\"https:\\\/\\\/content-creator-team.com\\\/\"},{\"@type\":\"ListItem\",\"position\":2,\"name\":\"Videograf Mallorca: Hochwertige Markenvideos aus einer Hand\"}]},{\"@type\":\"WebSite\",\"@id\":\"https:\\\/\\\/content-creator-team.com\\\/#website\",\"url\":\"https:\\\/\\\/content-creator-team.com\\\/\",\"name\":\"Content-Creator-Team.com\",\"description\":\"Creating content for you and your brand!\",\"publisher\":{\"@id\":\"https:\\\/\\\/content-creator-team.com\\\/#\\\/schema\\\/person\\\/7a67262b5593998c9e40d7d30de3656d\"},\"potentialAction\":[{\"@type\":\"SearchAction\",\"target\":{\"@type\":\"EntryPoint\",\"urlTemplate\":\"https:\\\/\\\/content-creator-team.com\\\/?s={search_term_string}\"},\"query-input\":{\"@type\":\"PropertyValueSpecification\",\"valueRequired\":true,\"valueName\":\"search_term_string\"}}],\"inLanguage\":\"es\"},{\"@type\":[\"Person\",\"Organization\"],\"@id\":\"https:\\\/\\\/content-creator-team.com\\\/#\\\/schema\\\/person\\\/7a67262b5593998c9e40d7d30de3656d\",\"name\":\"Lea\",\"image\":{\"@type\":\"ImageObject\",\"inLanguage\":\"es\",\"@id\":\"https:\\\/\\\/secure.gravatar.com\\\/avatar\\\/92e3bcb9aafd9b8c2c58a38a28cd72f6989e19f7f767027ba5529d0e18fb0655?s=96&d=mm&r=g\",\"url\":\"https:\\\/\\\/secure.gravatar.com\\\/avatar\\\/92e3bcb9aafd9b8c2c58a38a28cd72f6989e19f7f767027ba5529d0e18fb0655?s=96&d=mm&r=g\",\"contentUrl\":\"https:\\\/\\\/secure.gravatar.com\\\/avatar\\\/92e3bcb9aafd9b8c2c58a38a28cd72f6989e19f7f767027ba5529d0e18fb0655?s=96&d=mm&r=g\",\"caption\":\"Lea\"},\"logo\":{\"@id\":\"https:\\\/\\\/secure.gravatar.com\\\/avatar\\\/92e3bcb9aafd9b8c2c58a38a28cd72f6989e19f7f767027ba5529d0e18fb0655?s=96&d=mm&r=g\"},\"sameAs\":[\"http:\\\/\\\/content-creator-team.com\"],\"url\":\"https:\\\/\\\/content-creator-team.com\\\/es\\\/author\\\/contentcreator\\\/\"}]}<\/script>\n<!-- \/ Yoast SEO plugin. -->","yoast_head_json":{"title":"Vide\u00f3grafo Mallorca \u2605 V\u00eddeos de marca de alta calidad de una sola fuente","description":"Videografo Mallorca \u2605 Producciones de video para empresas, hoteles y marcas. Nuestro equipo ofrece soluciones completas de la m\u00e1s alta calidad.","robots":{"index":"index","follow":"follow","max-snippet":"max-snippet:-1","max-image-preview":"max-image-preview:large","max-video-preview":"max-video-preview:-1"},"canonical":"https:\/\/content-creator-team.com\/es\/videografo-mallorca\/","og_locale":"es_ES","og_type":"article","og_title":"Videograf Mallorca \u2605 Hochwertige Markenvideos aus einer Hand","og_description":"Videograf Mallorca \u2605 Videoproduktionen f\u00fcr Unternehmen, Hotels und Marken. Unser Team liefert Komplettl\u00f6sungen in h\u00f6chster Qualit\u00e4t.","og_url":"https:\/\/content-creator-team.com\/es\/videografo-mallorca\/","og_site_name":"Content Creator Team - Germany &amp; Mallorca","article_published_time":"2025-03-26T09:36:52+00:00","article_modified_time":"2025-03-26T15:26:00+00:00","og_image":[{"width":1706,"height":2560,"url":"https:\/\/content-creator-team.com\/wp-content\/uploads\/2025\/03\/DJI_0716web-scaled.jpg","type":"image\/jpeg"}],"author":"Lea","twitter_card":"summary_large_image","twitter_misc":{"Escrito por":"Lea","Tiempo de lectura":"5 minutos"},"schema":{"@context":"https:\/\/schema.org","@graph":[{"@type":["Article","BlogPosting"],"@id":"https:\/\/content-creator-team.com\/videograf-mallorca\/#article","isPartOf":{"@id":"https:\/\/content-creator-team.com\/videograf-mallorca\/"},"author":{"name":"Lea","@id":"https:\/\/content-creator-team.com\/#\/schema\/person\/7a67262b5593998c9e40d7d30de3656d"},"headline":"Videograf Mallorca: Hochwertige Markenvideos aus einer Hand","datePublished":"2025-03-26T09:36:52+00:00","dateModified":"2025-03-26T15:26:00+00:00","mainEntityOfPage":{"@id":"https:\/\/content-creator-team.com\/videograf-mallorca\/"},"wordCount":787,"publisher":{"@id":"https:\/\/content-creator-team.com\/#\/schema\/person\/7a67262b5593998c9e40d7d30de3656d"},"image":{"@id":"https:\/\/content-creator-team.com\/videograf-mallorca\/#primaryimage"},"thumbnailUrl":"https:\/\/content-creator-team.com\/wp-content\/uploads\/2025\/03\/DJI_0716web-scaled.jpg","articleSection":["Photography","Story"],"inLanguage":"es"},{"@type":["WebPage","FAQPage"],"@id":"https:\/\/content-creator-team.com\/videograf-mallorca\/","url":"https:\/\/content-creator-team.com\/videograf-mallorca\/","name":"Vide\u00f3grafo Mallorca \u2605 V\u00eddeos de marca de alta calidad de una sola fuente","isPartOf":{"@id":"https:\/\/content-creator-team.com\/#website"},"primaryImageOfPage":{"@id":"https:\/\/content-creator-team.com\/videograf-mallorca\/#primaryimage"},"image":{"@id":"https:\/\/content-creator-team.com\/videograf-mallorca\/#primaryimage"},"thumbnailUrl":"https:\/\/content-creator-team.com\/wp-content\/uploads\/2025\/03\/DJI_0716web-scaled.jpg","datePublished":"2025-03-26T09:36:52+00:00","dateModified":"2025-03-26T15:26:00+00:00","description":"Videografo Mallorca \u2605 Producciones de video para empresas, hoteles y marcas. Nuestro equipo ofrece soluciones completas de la m\u00e1s alta calidad.","breadcrumb":{"@id":"https:\/\/content-creator-team.com\/videograf-mallorca\/#breadcrumb"},"inLanguage":"es","potentialAction":[{"@type":"ReadAction","target":["https:\/\/content-creator-team.com\/videograf-mallorca\/"]}]},{"@type":"ImageObject","inLanguage":"es","@id":"https:\/\/content-creator-team.com\/videograf-mallorca\/#primaryimage","url":"https:\/\/content-creator-team.com\/wp-content\/uploads\/2025\/03\/DJI_0716web-scaled.jpg","contentUrl":"https:\/\/content-creator-team.com\/wp-content\/uploads\/2025\/03\/DJI_0716web-scaled.jpg","width":1706,"height":2560,"caption":"Videograf Mallorca Leandra Weber"},{"@type":"BreadcrumbList","@id":"https:\/\/content-creator-team.com\/videograf-mallorca\/#breadcrumb","itemListElement":[{"@type":"ListItem","position":1,"name":"Startseite","item":"https:\/\/content-creator-team.com\/"},{"@type":"ListItem","position":2,"name":"Videograf Mallorca: Hochwertige Markenvideos aus einer Hand"}]},{"@type":"WebSite","@id":"https:\/\/content-creator-team.com\/#website","url":"https:\/\/content-creator-team.com\/","name":"Content-Creator-Team.com","description":"Creando contenidos para usted y su marca","publisher":{"@id":"https:\/\/content-creator-team.com\/#\/schema\/person\/7a67262b5593998c9e40d7d30de3656d"},"potentialAction":[{"@type":"SearchAction","target":{"@type":"EntryPoint","urlTemplate":"https:\/\/content-creator-team.com\/?s={search_term_string}"},"query-input":{"@type":"PropertyValueSpecification","valueRequired":true,"valueName":"search_term_string"}}],"inLanguage":"es"},{"@type":["Person","Organization"],"@id":"https:\/\/content-creator-team.com\/#\/schema\/person\/7a67262b5593998c9e40d7d30de3656d","name":"Lea","image":{"@type":"ImageObject","inLanguage":"es","@id":"https:\/\/secure.gravatar.com\/avatar\/92e3bcb9aafd9b8c2c58a38a28cd72f6989e19f7f767027ba5529d0e18fb0655?s=96&d=mm&r=g","url":"https:\/\/secure.gravatar.com\/avatar\/92e3bcb9aafd9b8c2c58a38a28cd72f6989e19f7f767027ba5529d0e18fb0655?s=96&d=mm&r=g","contentUrl":"https:\/\/secure.gravatar.com\/avatar\/92e3bcb9aafd9b8c2c58a38a28cd72f6989e19f7f767027ba5529d0e18fb0655?s=96&d=mm&r=g","caption":"Lea"},"logo":{"@id":"https:\/\/secure.gravatar.com\/avatar\/92e3bcb9aafd9b8c2c58a38a28cd72f6989e19f7f767027ba5529d0e18fb0655?s=96&d=mm&r=g"},"sameAs":["http:\/\/content-creator-team.com"],"url":"https:\/\/content-creator-team.com\/es\/author\/contentcreator\/"}]}},"_links":{"self":[{"href":"https:\/\/content-creator-team.com\/es\/wp-json\/wp\/v2\/posts\/5205","targetHints":{"allow":["GET"]}}],"collection":[{"href":"https:\/\/content-creator-team.com\/es\/wp-json\/wp\/v2\/posts"}],"about":[{"href":"https:\/\/content-creator-team.com\/es\/wp-json\/wp\/v2\/types\/post"}],"author":[{"embeddable":true,"href":"https:\/\/content-creator-team.com\/es\/wp-json\/wp\/v2\/users\/1"}],"replies":[{"embeddable":true,"href":"https:\/\/content-creator-team.com\/es\/wp-json\/wp\/v2\/comments?post=5205"}],"version-history":[{"count":10,"href":"https:\/\/content-creator-team.com\/es\/wp-json\/wp\/v2\/posts\/5205\/revisions"}],"predecessor-version":[{"id":5222,"href":"https:\/\/content-creator-team.com\/es\/wp-json\/wp\/v2\/posts\/5205\/revisions\/5222"}],"wp:featuredmedia":[{"embeddable":true,"href":"https:\/\/content-creator-team.com\/es\/wp-json\/wp\/v2\/media\/5208"}],"wp:attachment":[{"href":"https:\/\/content-creator-team.com\/es\/wp-json\/wp\/v2\/media?parent=5205"}],"wp:term":[{"taxonomy":"category","embeddable":true,"href":"https:\/\/content-creator-team.com\/es\/wp-json\/wp\/v2\/categories?post=5205"},{"taxonomy":"post_tag","embeddable":true,"href":"https:\/\/content-creator-team.com\/es\/wp-json\/wp\/v2\/tags?post=5205"}],"curies":[{"name":"wp","href":"https:\/\/api.w.org\/{rel}","templated":true}]}}