{"id":5349,"date":"2025-04-18T09:24:32","date_gmt":"2025-04-18T07:24:32","guid":{"rendered":"https:\/\/content-creator-team.com\/?p=5349"},"modified":"2025-04-30T19:48:45","modified_gmt":"2025-04-30T17:48:45","slug":"fotografia-publicitaria-en-mallorca","status":"publish","type":"post","link":"https:\/\/content-creator-team.com\/es\/fotografia-publicitaria-en-mallorca\/","title":{"rendered":"Fotograf\u00eda publicitaria en Mallorca: contenido aut\u00e9ntico para hoteles, resorts y marcas tur\u00edsticas"},"content":{"rendered":"<div data-elementor-type=\"wp-post\" data-elementor-id=\"5349\" class=\"elementor elementor-5349\">\n\t\t\t\t<div class=\"elementor-element elementor-element-a8a11f3 e-flex e-con-boxed e-con e-parent\" data-id=\"a8a11f3\" data-element_type=\"container\" data-e-type=\"container\">\n\t\t\t\t\t<div class=\"e-con-inner\">\n\t\t\t\t<div class=\"elementor-element elementor-element-8838f74 elementor-invisible elementor-widget elementor-widget-text-editor\" data-id=\"8838f74\" data-element_type=\"widget\" data-e-type=\"widget\" data-settings=\"{&quot;_animation&quot;:&quot;fadeIn&quot;,&quot;_animation_delay&quot;:300}\" data-widget_type=\"text-editor.default\">\n\t\t\t\t<div class=\"elementor-widget-container\">\n\t\t\t\t\t\t\t\t\t<h2 class=\"\" data-start=\"2334\" data-end=\"2431\"><strong data-start=\"2337\" data-end=\"2431\">Fotograf\u00eda publicitaria en Mallorca: contenido aut\u00e9ntico para hoteles, resorts y marcas tur\u00edsticas<\/strong><\/h2><h3 class=\"\" data-start=\"2438\" data-end=\"2529\"><strong data-start=\"2442\" data-end=\"2529\">Por qu\u00e9 la fotograf\u00eda publicitaria en Mallorca es crucial, especialmente en el turismo<\/strong><\/h3><h4 class=\"\" data-start=\"2531\" data-end=\"2597\"><strong data-start=\"2536\" data-end=\"2597\">Relevancia del lenguaje visual en la comercializaci\u00f3n de viajes y turismo<\/strong><\/h4><p class=\"\" data-start=\"2599\" data-end=\"3089\">Cuando pensamos en vacaciones, pensamos en im\u00e1genes. Nos vemos en la playa, sentimos la arena caliente, o\u00edmos el sonido del mar. Aqu\u00ed es exactamente donde entra en juego la fotograf\u00eda publicitaria: crea anhelos y expectativas. La comunicaci\u00f3n visual es crucial en el marketing tur\u00edstico: el 90 % de todas las decisiones sobre viajes se ven influidas por im\u00e1genes y v\u00eddeos emotivos. No se trata solo de fotos bonitas, sino de impresiones cre\u00edbles y aut\u00e9nticas que generen confianza y hagan que la gente quiera m\u00e1s.<\/p><p class=\"\" data-start=\"3091\" data-end=\"3502\">Los viajeros modernos buscan experiencias reales, no escenas escenificadas. Por eso la calidad de la fotograf\u00eda es m\u00e1s importante que nunca para hoteles, complejos tur\u00edsticos y marcas tur\u00edsticas. Las im\u00e1genes profesionales deciden si un hu\u00e9sped reserva o no. Especialmente en el mundo digital, donde plataformas como Instagram, Pinterest o Booking.com transmiten la primera impresi\u00f3n, unas buenas im\u00e1genes valen su peso en oro.<\/p><h4 class=\"\" data-start=\"3504\" data-end=\"3596\"><strong data-start=\"3509\" data-end=\"3596\">Mallorca como destino visualmente potente con luz, localizaciones y estilo de vida ideales.<\/strong><\/h4><p class=\"\" data-start=\"3598\" data-end=\"3980\">Mallorca es una de las localizaciones fotogr\u00e1ficas favoritas de Europa por una buena raz\u00f3n. La isla ofrece todo lo necesario para obtener contenidos visualmente atractivos: aguas cristalinas, bah\u00edas pintorescas, encantadores pueblos antiguos, imponentes monta\u00f1as como tel\u00f3n de fondo y arquitectura mediterr\u00e1nea. Adem\u00e1s, la luz es especial: c\u00e1lida, suave y dorada. Perfecta para captar emociones y mostrar marcas.<\/p><p class=\"\" data-start=\"3982\" data-end=\"4359\">Lo que hace especial a Mallorca: la isla combina diversidad en un espacio reducido. Ya sea un hotel boutique en Palma, un complejo familiar en Playa de Muro o una finca r\u00fastica en la sierra de Tramuntana, cada lugar cuenta su propia historia. Adem\u00e1s, existe una actitud relajada ante la vida que puede traducirse perfectamente en mundos visuales. Aqu\u00ed es donde se crean im\u00e1genes que no s\u00f3lo gustan, sino que funcionan.<\/p><h4 class=\"\" data-start=\"4361\" data-end=\"4442\"><strong data-start=\"4366\" data-end=\"4442\">El equipo de creadores de contenidos: realizaci\u00f3n profesional con expertos locales<\/strong><\/h4><p class=\"\" data-start=\"4444\" data-end=\"4782\">Aqu\u00ed es precisamente donde la <strong data-start=\"4465\" data-end=\"4489\">Equipo de creaci\u00f3n de contenidos<\/strong> a. Combinamos conocimientos creativos con experiencia local. Nuestro objetivo es ofrecer a nuestros clientes fotograf\u00edas publicitarias personalizadas que no se limiten a ser bonitas. Ya sea un grupo hotelero, un complejo tur\u00edstico boutique o una asociaci\u00f3n tur\u00edstica, sabemos c\u00f3mo contar historias visuales.<\/p><p class=\"\" data-start=\"4784\" data-end=\"5124\">Nos encargamos de todo: desarrollo del concepto, organizaci\u00f3n, localizaciones, modelos, estilismo, tomas con drones, posproducci\u00f3n. Nuestro equipo trabaja directamente en Mallorca, lo que ahorra tiempo y dinero y garantiza un proceso fluido. Para nosotros, la fotograf\u00eda no es s\u00f3lo un oficio, sino una pasi\u00f3n, y eso se nota en cada imagen.<\/p>\t\t\t\t\t\t\t\t<\/div>\n\t\t\t\t<\/div>\n\t\t\t\t<div class=\"elementor-element elementor-element-a0cc397 elementor-button-success elementor-align-center elementor-widget elementor-widget-button\" data-id=\"a0cc397\" data-element_type=\"widget\" data-e-type=\"widget\" data-widget_type=\"button.default\">\n\t\t\t\t<div class=\"elementor-widget-container\">\n\t\t\t\t\t\t\t\t\t<div class=\"elementor-button-wrapper\">\n\t\t\t\t\t<a class=\"elementor-button elementor-button-link elementor-size-md elementor-animation-grow\" href=\"https:\/\/eva-schug.de\/kontakt\/\">\n\t\t\t\t\t\t<span class=\"elementor-button-content-wrapper\">\n\t\t\t\t\t\t\t\t\t<span class=\"elementor-button-text\">Inf\u00f3rmese ahora<\/span>\n\t\t\t\t\t<\/span>\n\t\t\t\t\t<\/a>\n\t\t\t\t<\/div>\n\t\t\t\t\t\t\t\t<\/div>\n\t\t\t\t<\/div>\n\t\t\t\t\t<\/div>\n\t\t\t\t<\/div>\n\t\t<div class=\"elementor-element elementor-element-31e133c e-flex e-con-boxed e-con e-parent\" data-id=\"31e133c\" data-element_type=\"container\" data-e-type=\"container\">\n\t\t\t\t\t<div class=\"e-con-inner\">\n\t\t\t\t<div class=\"elementor-element elementor-element-6df3054 elementor-widget elementor-widget-image\" data-id=\"6df3054\" data-element_type=\"widget\" data-e-type=\"widget\" data-widget_type=\"image.default\">\n\t\t\t\t<div class=\"elementor-widget-container\">\n\t\t\t\t\t\t\t\t\t\t\t\t\t\t\t<img fetchpriority=\"high\" decoding=\"async\" width=\"960\" height=\"640\" src=\"https:\/\/content-creator-team.com\/wp-content\/uploads\/2025\/04\/LeandraWeberPhotography39-1024x683.jpg\" class=\"attachment-large size-large wp-image-5313\" alt=\"Fotograf\u00eda publicitaria en Mallorca\" srcset=\"https:\/\/content-creator-team.com\/wp-content\/uploads\/2025\/04\/LeandraWeberPhotography39-1024x683.jpg 1024w, https:\/\/content-creator-team.com\/wp-content\/uploads\/2025\/04\/LeandraWeberPhotography39-300x200.jpg 300w, https:\/\/content-creator-team.com\/wp-content\/uploads\/2025\/04\/LeandraWeberPhotography39-768x512.jpg 768w, https:\/\/content-creator-team.com\/wp-content\/uploads\/2025\/04\/LeandraWeberPhotography39-1536x1024.jpg 1536w, https:\/\/content-creator-team.com\/wp-content\/uploads\/2025\/04\/LeandraWeberPhotography39-18x12.jpg 18w, https:\/\/content-creator-team.com\/wp-content\/uploads\/2025\/04\/LeandraWeberPhotography39-1400x933.jpg 1400w, https:\/\/content-creator-team.com\/wp-content\/uploads\/2025\/04\/LeandraWeberPhotography39-800x533.jpg 800w, https:\/\/content-creator-team.com\/wp-content\/uploads\/2025\/04\/LeandraWeberPhotography39.jpg 2048w\" sizes=\"(max-width: 960px) 100vw, 960px\" \/>\t\t\t\t\t\t\t\t\t\t\t\t\t\t\t<\/div>\n\t\t\t\t<\/div>\n\t\t\t\t\t<\/div>\n\t\t\t\t<\/div>\n\t\t<div class=\"elementor-element elementor-element-e720df1 e-flex e-con-boxed e-con e-parent\" data-id=\"e720df1\" data-element_type=\"container\" data-e-type=\"container\">\n\t\t\t\t\t<div class=\"e-con-inner\">\n\t\t\t\t<div class=\"elementor-element elementor-element-dd46e46 elementor-invisible elementor-widget elementor-widget-text-editor\" data-id=\"dd46e46\" data-element_type=\"widget\" data-e-type=\"widget\" data-settings=\"{&quot;_animation&quot;:&quot;fadeIn&quot;,&quot;_animation_delay&quot;:300}\" data-widget_type=\"text-editor.default\">\n\t\t\t\t<div class=\"elementor-widget-container\">\n\t\t\t\t\t\t\t\t\t<h3 class=\"\" data-start=\"5131\" data-end=\"5189\"><strong data-start=\"5135\" data-end=\"5189\">Qu\u00e9 debe conseguir una buena fotograf\u00eda publicitaria en turismo<\/strong><\/h3><h4 class=\"\" data-start=\"5191\" data-end=\"5248\"><strong data-start=\"5196\" data-end=\"5248\">Transmitir emociones: captar a los invitados visualmente<\/strong><\/h4><p class=\"\" data-start=\"5250\" data-end=\"5535\">\u00bfLa clave del \u00e9xito de la fotograf\u00eda tur\u00edstica? Las emociones. Los visitantes deben reconocerse en las im\u00e1genes. Deben sentirlas: <em data-start=\"5389\" data-end=\"5431\">\u201eAh\u00ed es donde quiero ir. Eso es lo que quiero experimentar.\u201c<\/em> Hace falta algo m\u00e1s que perfecci\u00f3n t\u00e9cnica. Requiere empat\u00eda, coordinaci\u00f3n y atenci\u00f3n al detalle.<\/p><p class=\"\" data-start=\"5537\" data-end=\"5939\">Una buena foto tur\u00edstica no se limita a mostrar un lugar, sino que cuenta una historia. Los ni\u00f1os jugando junto a la piscina del hotel, la pareja disfrutando de una cena rom\u00e1ntica en la terraza, la familia desayunando con vistas al mar... escenas as\u00ed crean una sensaci\u00f3n de cercan\u00eda. Son aut\u00e9nticas, cercanas y dan ganas de m\u00e1s. Especialmente en una \u00e9poca en la que mucha gente est\u00e1 abrumada visualmente, las im\u00e1genes emotivas destacan.<\/p><h4 class=\"\" data-start=\"5941\" data-end=\"6017\"><strong data-start=\"5946\" data-end=\"6017\">Naturalidad en lugar de im\u00e1genes de archivo: escenas reales con personas reales<\/strong><\/h4><p class=\"\" data-start=\"6019\" data-end=\"6330\">Las im\u00e1genes de archivo se reconocen al instante, y ese es el problema. Parecen est\u00e9riles, impersonales e intercambiables. No son una opci\u00f3n para el turismo. Los visitantes quieren autenticidad. Quieren ver c\u00f3mo es realmente. Por eso nos centramos en escenas reales con modelos aut\u00e9nticos, ya sean parejas, familias o grupos de amigos.<\/p><p class=\"\" data-start=\"6332\" data-end=\"6706\">No escenificamos: contamos historias. En lugar de poses r\u00edgidas, creamos momentos: la risa en el desayuno, el salto al agua, la cerveza al atardecer en la terraza del hotel. Esta naturalidad marca la diferencia, y funciona. Porque las im\u00e1genes reales generan emociones reales. Son cre\u00edbles y aumentan significativamente la conversi\u00f3n en las plataformas de reserva.<\/p><h4 class=\"\" data-start=\"6708\" data-end=\"6778\"><strong data-start=\"6713\" data-end=\"6778\">Usabilidad vers\u00e1til: contenidos para todos los canales y formatos<\/strong><\/h4><p class=\"\" data-start=\"6780\" data-end=\"7060\">Hoy en d\u00eda, una sesi\u00f3n profesional ofrece mucho m\u00e1s que unas cuantas fotos bonitas. Crea contenidos vers\u00e1tiles, flexibles y reutilizables. Ya sea para el sitio web del hotel, campa\u00f1as de Instagram, folletos impresos o portales de reservas en l\u00ednea, las buenas im\u00e1genes tienen que funcionar en todas partes.<\/p><p class=\"\" data-start=\"7062\" data-end=\"7394\">Por eso pensamos en t\u00e9rminos de paquetes de contenidos. Proporcionamos fotos de alta resoluci\u00f3n para impresi\u00f3n, formatos optimizados para la web y las redes sociales, clips de v\u00eddeo cortos para bobinas y reportajes, grabaciones con drones para v\u00eddeos de imagen. Todo desde una \u00fanica producci\u00f3n, todo coordinado. Esto ahorra tiempo y presupuesto a nuestros clientes y maximiza su impacto en todos los canales.<\/p>\t\t\t\t\t\t\t\t<\/div>\n\t\t\t\t<\/div>\n\t\t\t\t\t<\/div>\n\t\t\t\t<\/div>\n\t\t<div class=\"elementor-element elementor-element-0091c3a e-flex e-con-boxed e-con e-parent\" data-id=\"0091c3a\" data-element_type=\"container\" data-e-type=\"container\">\n\t\t\t\t\t<div class=\"e-con-inner\">\n\t\t\t\t<div class=\"elementor-element elementor-element-783d489 elementor-invisible elementor-widget elementor-widget-text-editor\" data-id=\"783d489\" data-element_type=\"widget\" data-e-type=\"widget\" data-settings=\"{&quot;_animation&quot;:&quot;fadeIn&quot;,&quot;_animation_delay&quot;:300}\" data-widget_type=\"text-editor.default\">\n\t\t\t\t<div class=\"elementor-widget-container\">\n\t\t\t\t\t\t\t\t\t<h3 class=\"\" data-start=\"7401\" data-end=\"7477\"><strong data-start=\"7405\" data-end=\"7477\">Ejemplo pr\u00e1ctico: rodaje familiar para un hotel de Mallorca<\/strong><\/h3><h4 class=\"\" data-start=\"7479\" data-end=\"7549\"><strong data-start=\"7484\" data-end=\"7549\">La situaci\u00f3n inicial: contenidos visuales para sitios web y campa\u00f1as<\/strong><\/h4><p class=\"\" data-start=\"7551\" data-end=\"7831\">Un hotel familiar se puso en contacto con nosotros. La tarea: nuevos contenidos visuales para el sitio web, el cat\u00e1logo y las campa\u00f1as en l\u00ednea. El objetivo era mostrar la experiencia vacacional de una forma aut\u00e9ntica, centr\u00e1ndose en la familiaridad, la comodidad y el ambiente relajado.<\/p><p class=\"\" data-start=\"7833\" data-end=\"8103\">Anteriormente, el hotel utilizaba im\u00e1genes gen\u00e9ricas de archivo. Sin embargo, no s\u00f3lo parec\u00edan arbitrarias, sino que no transmit\u00edan la sensaci\u00f3n de estar en Mallorca. En consecuencia, la conversi\u00f3n en el sitio web era baja. Para remediarlo, se necesitaba un concepto de imagen fresco y aut\u00e9ntico.<\/p><h4 class=\"\" data-start=\"8105\" data-end=\"8173\"><strong data-start=\"8110\" data-end=\"8173\">La realizaci\u00f3n: familia de modelos, localizaciones y proceso de rodaje<\/strong><\/h4><p class=\"\" data-start=\"8175\" data-end=\"8475\">Hemos reunido a una familia de modelos con experiencia de nuestra cartera: Padres con dos hijos, naturales, simp\u00e1ticos, probados ante la c\u00e1mara. Los lugares de rodaje: habitaciones, restaurante, zona de piscina, acceso a la playa. Nuestra producci\u00f3n tuvo lugar por la ma\u00f1ana y por la tarde: luz \u00f3ptima, ambiente relajado.<\/p><p class=\"\" data-start=\"8477\" data-end=\"8862\">Se hizo especial hincapi\u00e9 en las escenas que evocan emociones: el desayuno juntos en la terraza, los ni\u00f1os jugando junto a la piscina, la madre tomando el sol, el padre con el peque\u00f1o en la playa. Todo se escenific\u00f3 de tal forma que no pareciera un montaje, sino momentos reales de vacaciones. La familia se mov\u00eda libremente, nuestro equipo permanec\u00eda discretamente en segundo plano y captaba exactamente los momentos adecuados.<\/p><h4 class=\"\" data-start=\"8864\" data-end=\"8941\"><strong data-start=\"8869\" data-end=\"8941\">Los resultados: fant\u00e1sticas escenas en la piscina, en la playa y en la mesa del desayuno.<\/strong><\/h4><p class=\"\" data-start=\"8943\" data-end=\"9185\">El resultado: m\u00e1s de 150 fotos de alta calidad, con im\u00e1genes detalladas, de ambiente, panor\u00e1micas y primeros planos. Tambi\u00e9n produjimos breves fragmentos de v\u00eddeo para Instagram y un v\u00eddeo de 60 segundos con m\u00fasica y tomas de drones.<\/p><p class=\"\" data-start=\"9187\" data-end=\"9449\">Las im\u00e1genes no s\u00f3lo generaron atenci\u00f3n, sino tambi\u00e9n confianza, y \u00e9se era precisamente el objetivo.<\/p>\t\t\t\t\t\t\t\t<\/div>\n\t\t\t\t<\/div>\n\t\t\t\t\t<\/div>\n\t\t\t\t<\/div>\n\t\t<div class=\"elementor-element elementor-element-d49afff e-flex e-con-boxed e-con e-parent\" data-id=\"d49afff\" data-element_type=\"container\" data-e-type=\"container\">\n\t\t\t\t\t<div class=\"e-con-inner\">\n\t\t\t\t<div class=\"elementor-element elementor-element-f735738 elementor-button-success elementor-align-center elementor-widget elementor-widget-button\" data-id=\"f735738\" data-element_type=\"widget\" data-e-type=\"widget\" data-widget_type=\"button.default\">\n\t\t\t\t<div class=\"elementor-widget-container\">\n\t\t\t\t\t\t\t\t\t<div class=\"elementor-button-wrapper\">\n\t\t\t\t\t<a class=\"elementor-button elementor-button-link elementor-size-md elementor-animation-grow\" href=\"https:\/\/content-creator-team.com\/es\/pongase-en-contacto-con\/\">\n\t\t\t\t\t\t<span class=\"elementor-button-content-wrapper\">\n\t\t\t\t\t\t\t\t\t<span class=\"elementor-button-text\">Inf\u00f3rmese ahora<\/span>\n\t\t\t\t\t<\/span>\n\t\t\t\t\t<\/a>\n\t\t\t\t<\/div>\n\t\t\t\t\t\t\t\t<\/div>\n\t\t\t\t<\/div>\n\t\t\t\t\t<\/div>\n\t\t\t\t<\/div>\n\t\t<div class=\"elementor-element elementor-element-d14bdea e-grid e-con-boxed e-con e-parent\" data-id=\"d14bdea\" data-element_type=\"container\" data-e-type=\"container\">\n\t\t\t\t\t<div class=\"e-con-inner\">\n\t\t\t\t<div class=\"elementor-element elementor-element-9cdcacb elementor-widget elementor-widget-image\" data-id=\"9cdcacb\" data-element_type=\"widget\" data-e-type=\"widget\" data-widget_type=\"image.default\">\n\t\t\t\t<div class=\"elementor-widget-container\">\n\t\t\t\t\t\t\t\t\t\t\t\t\t\t\t<img decoding=\"async\" width=\"960\" height=\"638\" src=\"https:\/\/content-creator-team.com\/wp-content\/uploads\/2025\/04\/LeandraWeberPhotography-1-12web-1024x681.jpg\" class=\"attachment-large size-large wp-image-5314\" alt=\"Fotograf\u00eda publicitaria en Mallorca\" srcset=\"https:\/\/content-creator-team.com\/wp-content\/uploads\/2025\/04\/LeandraWeberPhotography-1-12web-1024x681.jpg 1024w, https:\/\/content-creator-team.com\/wp-content\/uploads\/2025\/04\/LeandraWeberPhotography-1-12web-300x200.jpg 300w, https:\/\/content-creator-team.com\/wp-content\/uploads\/2025\/04\/LeandraWeberPhotography-1-12web-768x511.jpg 768w, https:\/\/content-creator-team.com\/wp-content\/uploads\/2025\/04\/LeandraWeberPhotography-1-12web-1536x1021.jpg 1536w, https:\/\/content-creator-team.com\/wp-content\/uploads\/2025\/04\/LeandraWeberPhotography-1-12web-18x12.jpg 18w, https:\/\/content-creator-team.com\/wp-content\/uploads\/2025\/04\/LeandraWeberPhotography-1-12web-1400x931.jpg 1400w, https:\/\/content-creator-team.com\/wp-content\/uploads\/2025\/04\/LeandraWeberPhotography-1-12web-800x532.jpg 800w, https:\/\/content-creator-team.com\/wp-content\/uploads\/2025\/04\/LeandraWeberPhotography-1-12web.jpg 1624w\" sizes=\"(max-width: 960px) 100vw, 960px\" \/>\t\t\t\t\t\t\t\t\t\t\t\t\t\t\t<\/div>\n\t\t\t\t<\/div>\n\t\t\t\t<div class=\"elementor-element elementor-element-8ef6860 elementor-widget elementor-widget-image\" data-id=\"8ef6860\" data-element_type=\"widget\" data-e-type=\"widget\" data-widget_type=\"image.default\">\n\t\t\t\t<div class=\"elementor-widget-container\">\n\t\t\t\t\t\t\t\t\t\t\t\t\t\t\t<img decoding=\"async\" width=\"960\" height=\"640\" src=\"https:\/\/content-creator-team.com\/wp-content\/uploads\/2025\/04\/LeandraWeberPhotography-1-46-1-1024x683.jpg\" class=\"attachment-large size-large wp-image-5312\" alt=\"\" srcset=\"https:\/\/content-creator-team.com\/wp-content\/uploads\/2025\/04\/LeandraWeberPhotography-1-46-1-1024x683.jpg 1024w, https:\/\/content-creator-team.com\/wp-content\/uploads\/2025\/04\/LeandraWeberPhotography-1-46-1-300x200.jpg 300w, https:\/\/content-creator-team.com\/wp-content\/uploads\/2025\/04\/LeandraWeberPhotography-1-46-1-768x512.jpg 768w, https:\/\/content-creator-team.com\/wp-content\/uploads\/2025\/04\/LeandraWeberPhotography-1-46-1-1536x1024.jpg 1536w, https:\/\/content-creator-team.com\/wp-content\/uploads\/2025\/04\/LeandraWeberPhotography-1-46-1-18x12.jpg 18w, https:\/\/content-creator-team.com\/wp-content\/uploads\/2025\/04\/LeandraWeberPhotography-1-46-1-1400x933.jpg 1400w, https:\/\/content-creator-team.com\/wp-content\/uploads\/2025\/04\/LeandraWeberPhotography-1-46-1-800x533.jpg 800w, https:\/\/content-creator-team.com\/wp-content\/uploads\/2025\/04\/LeandraWeberPhotography-1-46-1.jpg 2048w\" sizes=\"(max-width: 960px) 100vw, 960px\" \/>\t\t\t\t\t\t\t\t\t\t\t\t\t\t\t<\/div>\n\t\t\t\t<\/div>\n\t\t\t\t\t<\/div>\n\t\t\t\t<\/div>\n\t\t<div class=\"elementor-element elementor-element-0640889 e-flex e-con-boxed e-con e-parent\" data-id=\"0640889\" data-element_type=\"container\" data-e-type=\"container\">\n\t\t\t\t\t<div class=\"e-con-inner\">\n\t\t\t\t<div class=\"elementor-element elementor-element-82d4381 elementor-invisible elementor-widget elementor-widget-text-editor\" data-id=\"82d4381\" data-element_type=\"widget\" data-e-type=\"widget\" data-settings=\"{&quot;_animation&quot;:&quot;fadeIn&quot;,&quot;_animation_delay&quot;:300}\" data-widget_type=\"text-editor.default\">\n\t\t\t\t<div class=\"elementor-widget-container\">\n\t\t\t\t\t\t\t\t\t<h3 class=\"\" data-start=\"127\" data-end=\"206\"><strong data-start=\"131\" data-end=\"206\">M\u00e1s que fotos bonitas: contenidos estrat\u00e9gicos para el turismo<\/strong><\/h3><h4 class=\"\" data-start=\"208\" data-end=\"264\"><strong data-start=\"213\" data-end=\"264\">Crear confianza mediante la narraci\u00f3n visual<\/strong><\/h4><p class=\"\" data-start=\"266\" data-end=\"623\">Al fin y al cabo, la fotograf\u00eda publicitaria no consiste solo en hacer fotos bonitas. Se trata de generar confianza. De emociones. Sobre la sensaci\u00f3n de saber cuando miras un sitio web o una p\u00e1gina de redes sociales: <em data-start=\"470\" data-end=\"492\">\u201e\u00a1Ah\u00ed quiero ir!\u201c<\/em> Este es precisamente el cometido de una buena fotograf\u00eda publicitaria: no s\u00f3lo muestra un producto o servicio, sino una experiencia.<\/p><p class=\"\" data-start=\"625\" data-end=\"1042\">La narraci\u00f3n visual es un verdadero factor de \u00e9xito, especialmente en el sector tur\u00edstico. La gente no reserva habitaciones de hotel, sino sensaciones. Y esta sensaci\u00f3n la crean los est\u00edmulos visuales: la luz en la habitaci\u00f3n, la sonrisa en la mesa del desayuno, las manos de los ni\u00f1os construyendo castillos de arena. Todos estos momentos son algo m\u00e1s que simples motivos: son anclajes emocionales. Y cuanto m\u00e1s cre\u00edbles parecen, mejor funcionan.<\/p><p class=\"\" data-start=\"1044\" data-end=\"1294\">Un lenguaje visual adecuado genera lealtad, simpat\u00eda y confianza. Destaca de la uniformidad de la competencia y hace que las marcas sean reconocibles. Eso es lo que tienen que hacer los contenidos estrat\u00e9gicos: no solo ser atractivos, sino tener un efecto espec\u00edfico.<\/p><h4 class=\"\" data-start=\"1296\" data-end=\"1364\"><strong data-start=\"1301\" data-end=\"1364\">Mallorca como escenario - el equipo creador de contenidos como director<\/strong><\/h4><p class=\"\" data-start=\"1366\" data-end=\"1699\">Mallorca ofrece las mejores condiciones para ello. La isla no s\u00f3lo es fotog\u00e9nica, sino tambi\u00e9n extremadamente vers\u00e1til. Es tan adecuada para motivos tur\u00edsticos cl\u00e1sicos como para marcas de estilo de vida moderno, lujosos complejos hoteleros o fincas familiares. As\u00ed que no es de extra\u00f1ar que cada vez m\u00e1s empresas descubran Mallorca como lugar de producci\u00f3n.<\/p><p class=\"\" data-start=\"1701\" data-end=\"1958\">Pero por muy bonito que sea el tel\u00f3n de fondo, de poco sirve sin el equipo adecuado. Precisamente por eso el <strong data-start=\"1795\" data-end=\"1819\">Equipo de creaci\u00f3n de contenidos<\/strong>el socio ideal para quien quiere algo m\u00e1s que un fot\u00f3grafo. Entendemos las marcas, pensamos estrat\u00e9gicamente y producimos con eficacia.<\/p><p class=\"\" data-start=\"1960\" data-end=\"2207\">Nuestro punto fuerte: combinamos la experiencia local con los est\u00e1ndares internacionales. Hablamos el lenguaje del grupo objetivo: visual, emocional y cre\u00edble. Ya sea un hotel, una asociaci\u00f3n tur\u00edstica o una agencia: hacemos visible su marca. Y de forma sostenible.<\/p>\t\t\t\t\t\t\t\t<\/div>\n\t\t\t\t<\/div>\n\t\t\t\t\t<\/div>\n\t\t\t\t<\/div>\n\t\t<div class=\"elementor-element elementor-element-4499197 e-flex e-con-boxed e-con e-parent\" data-id=\"4499197\" data-element_type=\"container\" data-e-type=\"container\">\n\t\t\t\t\t<div class=\"e-con-inner\">\n\t\t\t\t<div class=\"elementor-element elementor-element-62d82ae elementor-button-success elementor-align-center elementor-widget elementor-widget-button\" data-id=\"62d82ae\" data-element_type=\"widget\" data-e-type=\"widget\" data-widget_type=\"button.default\">\n\t\t\t\t<div class=\"elementor-widget-container\">\n\t\t\t\t\t\t\t\t\t<div class=\"elementor-button-wrapper\">\n\t\t\t\t\t<a class=\"elementor-button elementor-button-link elementor-size-md elementor-animation-grow\" href=\"https:\/\/content-creator-team.com\/es\/pongase-en-contacto-con\/\">\n\t\t\t\t\t\t<span class=\"elementor-button-content-wrapper\">\n\t\t\t\t\t\t\t\t\t<span class=\"elementor-button-text\">Inf\u00f3rmese ahora<\/span>\n\t\t\t\t\t<\/span>\n\t\t\t\t\t<\/a>\n\t\t\t\t<\/div>\n\t\t\t\t\t\t\t\t<\/div>\n\t\t\t\t<\/div>\n\t\t\t\t\t<\/div>\n\t\t\t\t<\/div>\n\t\t<div class=\"elementor-element elementor-element-decb07e e-flex e-con-boxed e-con e-parent\" data-id=\"decb07e\" data-element_type=\"container\" data-e-type=\"container\">\n\t\t\t\t\t<div class=\"e-con-inner\">\n\t\t\t\t<div class=\"elementor-element elementor-element-481e519 elementor-widget elementor-widget-text-editor\" data-id=\"481e519\" data-element_type=\"widget\" data-e-type=\"widget\" data-widget_type=\"text-editor.default\">\n\t\t\t\t<div class=\"elementor-widget-container\">\n\t\t\t\t\t\t\t\t\t<h2 class=\"\" data-start=\"2214\" data-end=\"2258\"><strong data-start=\"2217\" data-end=\"2258\">Preguntas frecuentes sobre fotograf\u00eda publicitaria en Mallorca<\/strong><\/h2><p class=\"\" data-start=\"2260\" data-end=\"2682\"><strong data-start=\"2260\" data-end=\"2329\">1. \u00bfpor qu\u00e9 Mallorca es especialmente adecuada para la fotograf\u00eda publicitaria?<\/strong><br data-start=\"2329\" data-end=\"2332\" \/>Mallorca ofrece una impresionante variedad de escenarios en un espacio reducido: desde playas y monta\u00f1as hasta entornos urbanos. Adem\u00e1s, la luz de la isla es especialmente c\u00e1lida y suave, ideal para la fotograf\u00eda emocional. La infraestructura para producciones profesionales es de primera categor\u00eda, y nuestro equipo local conoce los mejores lugares.<\/p><p class=\"\" data-start=\"2684\" data-end=\"3021\"><strong data-start=\"2684\" data-end=\"2757\">2. \u00bfqu\u00e9 distingue su fotograf\u00eda publicitaria de las cl\u00e1sicas fotos de archivo?<\/strong><br data-start=\"2757\" data-end=\"2760\" \/>Nuestras fotos muestran a personas reales en situaciones reales, no poses. Trabajamos con modelos experimentados que tienen un aspecto natural y transmiten emociones. Tambi\u00e9n personalizamos cada sesi\u00f3n para adaptarla a la marca, el grupo objetivo y el uso previsto.<\/p><p class=\"\" data-start=\"3023\" data-end=\"3324\"><strong data-start=\"3023\" data-end=\"3089\">3. \u00bfPuedo reservar una sesi\u00f3n en Mallorca con poca antelaci\u00f3n?<\/strong><br data-start=\"3089\" data-end=\"3092\" \/>S\u00ed, es posible en casos concretos. Sin embargo, depende del tama\u00f1o de la producci\u00f3n. Mientras que las peque\u00f1as producciones pueden organizarse espont\u00e1neamente, para las grandes recomendamos un plazo de al menos 2 meses.<\/p><p class=\"\" data-start=\"3326\" data-end=\"3644\"><strong data-start=\"3326\" data-end=\"3392\">4 \u00bfQu\u00e9 sectores est\u00e1n especialmente interesados en su oferta?<\/strong><br data-start=\"3392\" data-end=\"3395\" \/>Nuestros clientes proceden del sector hotelero y tur\u00edstico, marcas de estilo de vida y moda, as\u00ed como agencias que desean presentar marcas en un entorno de alta calidad. Las marcas de alimentaci\u00f3n, interiorismo y bienestar tambi\u00e9n se benefician del tel\u00f3n de fondo est\u00e9tico de Mallorca.<\/p><p class=\"\" data-start=\"3646\" data-end=\"3963\"><strong data-start=\"3646\" data-end=\"3709\">5. \u00bfqu\u00e9 servicios incluye su paquete completo?<\/strong><br data-start=\"3709\" data-end=\"3712\" \/>Ofrecemos un servicio completo de producci\u00f3n que incluye el concepto, la b\u00fasqueda de localizaciones, la organizaci\u00f3n de modelos, el estilismo, la producci\u00f3n de fotos y v\u00eddeos, el uso de drones, la posproducci\u00f3n y la entrega del contenido final para la web, la impresi\u00f3n y las redes sociales, todo desde un \u00fanico proveedor.<\/p>\t\t\t\t\t\t\t\t<\/div>\n\t\t\t\t<\/div>\n\t\t\t\t\t<\/div>\n\t\t\t\t<\/div>\n\t\t\t\t<\/div>","protected":false},"excerpt":{"rendered":"<p>Werbefotografie auf Mallorca: Authentischer Content f\u00fcr Hotels, Resorts &#038; Tourismus-Marken Warum Werbefotografie auf Mallorca gerade im Tourismus entscheidend ist Relevanz von Bildsprache im Reise- und Tourismusmarketing Wenn wir an Urlaub denken, denken wir in Bildern. Wir sehen uns selbst am Strand, sp\u00fcren den warmen Sand, h\u00f6ren das Meeresrauschen. Genau hier setzt Werbefotografie an \u2013 sie schafft Sehns\u00fcchte und Erwartungen. Im Tourismusmarketing ist die visuelle Kommunikation entscheidend: 90 % aller Reiseentscheidungen werden durch emotionale Bilder und Videos beeinflusst. Dabei geht es [&hellip;]<\/p>\n","protected":false},"author":1,"featured_media":5314,"comment_status":"closed","ping_status":"open","sticky":false,"template":"elementor_header_footer","format":"image","meta":{"footnotes":""},"categories":[5,6],"tags":[],"class_list":["post-5349","post","type-post","status-publish","format-image","has-post-thumbnail","hentry","category-photography","category-story","post_format-post-format-image"],"yoast_head":"<!-- This site is optimized with the Yoast SEO plugin v27.5 - https:\/\/yoast.com\/product\/yoast-seo-wordpress\/ -->\n<title>Werbefotografie auf Mallorca \u27a4 Top Content f\u00fcr Hotels &amp; Tourismus<\/title>\n<meta name=\"description\" content=\"Werbefotografie auf Mallorca \u27a4 bringt authentische, emotionale Bilder f\u00fcr Hotels, Resorts und Tourismusmarken. Jetzt Ihr Projekt starten!\" \/>\n<meta name=\"robots\" content=\"index, follow, max-snippet:-1, max-image-preview:large, max-video-preview:-1\" \/>\n<link rel=\"canonical\" href=\"https:\/\/content-creator-team.com\/es\/fotografia-publicitaria-en-mallorca\/\" \/>\n<meta property=\"og:locale\" content=\"es_ES\" \/>\n<meta property=\"og:type\" content=\"article\" \/>\n<meta property=\"og:title\" content=\"Werbefotografie auf Mallorca \u27a4 Top Content f\u00fcr Hotels &amp; Tourismus\" \/>\n<meta property=\"og:description\" content=\"Werbefotografie auf Mallorca \u27a4 bringt authentische, emotionale Bilder f\u00fcr Hotels, Resorts und Tourismusmarken. Jetzt Ihr Projekt starten!\" \/>\n<meta property=\"og:url\" content=\"https:\/\/content-creator-team.com\/es\/fotografia-publicitaria-en-mallorca\/\" \/>\n<meta property=\"og:site_name\" content=\"Content Creator Team - Germany &amp; Mallorca\" \/>\n<meta property=\"article:published_time\" content=\"2025-04-18T07:24:32+00:00\" \/>\n<meta property=\"article:modified_time\" content=\"2025-04-30T17:48:45+00:00\" \/>\n<meta property=\"og:image\" content=\"https:\/\/content-creator-team.com\/wp-content\/uploads\/2025\/04\/LeandraWeberPhotography39.jpg\" \/>\n\t<meta property=\"og:image:width\" content=\"2048\" \/>\n\t<meta property=\"og:image:height\" content=\"1365\" \/>\n\t<meta property=\"og:image:type\" content=\"image\/jpeg\" \/>\n<meta name=\"author\" content=\"Lea\" \/>\n<meta name=\"twitter:card\" content=\"summary_large_image\" \/>\n<meta name=\"twitter:label1\" content=\"Escrito por\" \/>\n\t<meta name=\"twitter:data1\" content=\"Lea\" \/>\n\t<meta name=\"twitter:label2\" content=\"Tiempo de lectura\" \/>\n\t<meta name=\"twitter:data2\" content=\"9 minutos\" \/>\n<script type=\"application\/ld+json\" class=\"yoast-schema-graph\">{\"@context\":\"https:\\\/\\\/schema.org\",\"@graph\":[{\"@type\":[\"Article\",\"BlogPosting\"],\"@id\":\"https:\\\/\\\/content-creator-team.com\\\/werbefotografie-auf-mallorca\\\/#article\",\"isPartOf\":{\"@id\":\"https:\\\/\\\/content-creator-team.com\\\/werbefotografie-auf-mallorca\\\/\"},\"author\":{\"name\":\"Lea\",\"@id\":\"https:\\\/\\\/content-creator-team.com\\\/#\\\/schema\\\/person\\\/7a67262b5593998c9e40d7d30de3656d\"},\"headline\":\"Werbefotografie auf Mallorca: Authentischer Content f\u00fcr Hotels, Resorts &amp; Tourismus-Marken\",\"datePublished\":\"2025-04-18T07:24:32+00:00\",\"dateModified\":\"2025-04-30T17:48:45+00:00\",\"mainEntityOfPage\":{\"@id\":\"https:\\\/\\\/content-creator-team.com\\\/werbefotografie-auf-mallorca\\\/\"},\"wordCount\":1525,\"publisher\":{\"@id\":\"https:\\\/\\\/content-creator-team.com\\\/#\\\/schema\\\/person\\\/7a67262b5593998c9e40d7d30de3656d\"},\"image\":{\"@id\":\"https:\\\/\\\/content-creator-team.com\\\/werbefotografie-auf-mallorca\\\/#primaryimage\"},\"thumbnailUrl\":\"https:\\\/\\\/content-creator-team.com\\\/wp-content\\\/uploads\\\/2025\\\/04\\\/LeandraWeberPhotography-1-12web.jpg\",\"articleSection\":[\"Photography\",\"Story\"],\"inLanguage\":\"es\"},{\"@type\":[\"WebPage\",\"FAQPage\"],\"@id\":\"https:\\\/\\\/content-creator-team.com\\\/werbefotografie-auf-mallorca\\\/\",\"url\":\"https:\\\/\\\/content-creator-team.com\\\/werbefotografie-auf-mallorca\\\/\",\"name\":\"Werbefotografie auf Mallorca \u27a4 Top Content f\u00fcr Hotels & Tourismus\",\"isPartOf\":{\"@id\":\"https:\\\/\\\/content-creator-team.com\\\/#website\"},\"primaryImageOfPage\":{\"@id\":\"https:\\\/\\\/content-creator-team.com\\\/werbefotografie-auf-mallorca\\\/#primaryimage\"},\"image\":{\"@id\":\"https:\\\/\\\/content-creator-team.com\\\/werbefotografie-auf-mallorca\\\/#primaryimage\"},\"thumbnailUrl\":\"https:\\\/\\\/content-creator-team.com\\\/wp-content\\\/uploads\\\/2025\\\/04\\\/LeandraWeberPhotography-1-12web.jpg\",\"datePublished\":\"2025-04-18T07:24:32+00:00\",\"dateModified\":\"2025-04-30T17:48:45+00:00\",\"description\":\"Werbefotografie auf Mallorca \u27a4 bringt authentische, emotionale Bilder f\u00fcr Hotels, Resorts und Tourismusmarken. Jetzt Ihr Projekt starten!\",\"breadcrumb\":{\"@id\":\"https:\\\/\\\/content-creator-team.com\\\/werbefotografie-auf-mallorca\\\/#breadcrumb\"},\"inLanguage\":\"es\",\"potentialAction\":[{\"@type\":\"ReadAction\",\"target\":[\"https:\\\/\\\/content-creator-team.com\\\/werbefotografie-auf-mallorca\\\/\"]}]},{\"@type\":\"ImageObject\",\"inLanguage\":\"es\",\"@id\":\"https:\\\/\\\/content-creator-team.com\\\/werbefotografie-auf-mallorca\\\/#primaryimage\",\"url\":\"https:\\\/\\\/content-creator-team.com\\\/wp-content\\\/uploads\\\/2025\\\/04\\\/LeandraWeberPhotography-1-12web.jpg\",\"contentUrl\":\"https:\\\/\\\/content-creator-team.com\\\/wp-content\\\/uploads\\\/2025\\\/04\\\/LeandraWeberPhotography-1-12web.jpg\",\"width\":1624,\"height\":1080,\"caption\":\"Werbefotografie auf Mallorca\"},{\"@type\":\"BreadcrumbList\",\"@id\":\"https:\\\/\\\/content-creator-team.com\\\/werbefotografie-auf-mallorca\\\/#breadcrumb\",\"itemListElement\":[{\"@type\":\"ListItem\",\"position\":1,\"name\":\"Startseite\",\"item\":\"https:\\\/\\\/content-creator-team.com\\\/\"},{\"@type\":\"ListItem\",\"position\":2,\"name\":\"Werbefotografie auf Mallorca: Authentischer Content f\u00fcr Hotels, Resorts &amp; Tourismus-Marken\"}]},{\"@type\":\"WebSite\",\"@id\":\"https:\\\/\\\/content-creator-team.com\\\/#website\",\"url\":\"https:\\\/\\\/content-creator-team.com\\\/\",\"name\":\"Content-Creator-Team.com\",\"description\":\"Creating content for you and your brand!\",\"publisher\":{\"@id\":\"https:\\\/\\\/content-creator-team.com\\\/#\\\/schema\\\/person\\\/7a67262b5593998c9e40d7d30de3656d\"},\"potentialAction\":[{\"@type\":\"SearchAction\",\"target\":{\"@type\":\"EntryPoint\",\"urlTemplate\":\"https:\\\/\\\/content-creator-team.com\\\/?s={search_term_string}\"},\"query-input\":{\"@type\":\"PropertyValueSpecification\",\"valueRequired\":true,\"valueName\":\"search_term_string\"}}],\"inLanguage\":\"es\"},{\"@type\":[\"Person\",\"Organization\"],\"@id\":\"https:\\\/\\\/content-creator-team.com\\\/#\\\/schema\\\/person\\\/7a67262b5593998c9e40d7d30de3656d\",\"name\":\"Lea\",\"image\":{\"@type\":\"ImageObject\",\"inLanguage\":\"es\",\"@id\":\"https:\\\/\\\/secure.gravatar.com\\\/avatar\\\/92e3bcb9aafd9b8c2c58a38a28cd72f6989e19f7f767027ba5529d0e18fb0655?s=96&d=mm&r=g\",\"url\":\"https:\\\/\\\/secure.gravatar.com\\\/avatar\\\/92e3bcb9aafd9b8c2c58a38a28cd72f6989e19f7f767027ba5529d0e18fb0655?s=96&d=mm&r=g\",\"contentUrl\":\"https:\\\/\\\/secure.gravatar.com\\\/avatar\\\/92e3bcb9aafd9b8c2c58a38a28cd72f6989e19f7f767027ba5529d0e18fb0655?s=96&d=mm&r=g\",\"caption\":\"Lea\"},\"logo\":{\"@id\":\"https:\\\/\\\/secure.gravatar.com\\\/avatar\\\/92e3bcb9aafd9b8c2c58a38a28cd72f6989e19f7f767027ba5529d0e18fb0655?s=96&d=mm&r=g\"},\"sameAs\":[\"http:\\\/\\\/content-creator-team.com\"],\"url\":\"https:\\\/\\\/content-creator-team.com\\\/es\\\/author\\\/contentcreator\\\/\"}]}<\/script>\n<!-- \/ Yoast SEO plugin. -->","yoast_head_json":{"title":"Fotograf\u00eda publicitaria en Mallorca \u27a4 Top content para hoteles y turismo","description":"Fotograf\u00eda publicitaria en Mallorca \u27a4 crea im\u00e1genes aut\u00e9nticas y emotivas para hoteles, resorts y marcas tur\u00edsticas. \u00a1Empieza tu proyecto ahora!","robots":{"index":"index","follow":"follow","max-snippet":"max-snippet:-1","max-image-preview":"max-image-preview:large","max-video-preview":"max-video-preview:-1"},"canonical":"https:\/\/content-creator-team.com\/es\/fotografia-publicitaria-en-mallorca\/","og_locale":"es_ES","og_type":"article","og_title":"Werbefotografie auf Mallorca \u27a4 Top Content f\u00fcr Hotels & Tourismus","og_description":"Werbefotografie auf Mallorca \u27a4 bringt authentische, emotionale Bilder f\u00fcr Hotels, Resorts und Tourismusmarken. Jetzt Ihr Projekt starten!","og_url":"https:\/\/content-creator-team.com\/es\/fotografia-publicitaria-en-mallorca\/","og_site_name":"Content Creator Team - Germany &amp; Mallorca","article_published_time":"2025-04-18T07:24:32+00:00","article_modified_time":"2025-04-30T17:48:45+00:00","og_image":[{"width":2048,"height":1365,"url":"https:\/\/content-creator-team.com\/wp-content\/uploads\/2025\/04\/LeandraWeberPhotography39.jpg","type":"image\/jpeg"}],"author":"Lea","twitter_card":"summary_large_image","twitter_misc":{"Escrito por":"Lea","Tiempo de lectura":"9 minutos"},"schema":{"@context":"https:\/\/schema.org","@graph":[{"@type":["Article","BlogPosting"],"@id":"https:\/\/content-creator-team.com\/werbefotografie-auf-mallorca\/#article","isPartOf":{"@id":"https:\/\/content-creator-team.com\/werbefotografie-auf-mallorca\/"},"author":{"name":"Lea","@id":"https:\/\/content-creator-team.com\/#\/schema\/person\/7a67262b5593998c9e40d7d30de3656d"},"headline":"Werbefotografie auf Mallorca: Authentischer Content f\u00fcr Hotels, Resorts &amp; Tourismus-Marken","datePublished":"2025-04-18T07:24:32+00:00","dateModified":"2025-04-30T17:48:45+00:00","mainEntityOfPage":{"@id":"https:\/\/content-creator-team.com\/werbefotografie-auf-mallorca\/"},"wordCount":1525,"publisher":{"@id":"https:\/\/content-creator-team.com\/#\/schema\/person\/7a67262b5593998c9e40d7d30de3656d"},"image":{"@id":"https:\/\/content-creator-team.com\/werbefotografie-auf-mallorca\/#primaryimage"},"thumbnailUrl":"https:\/\/content-creator-team.com\/wp-content\/uploads\/2025\/04\/LeandraWeberPhotography-1-12web.jpg","articleSection":["Photography","Story"],"inLanguage":"es"},{"@type":["WebPage","FAQPage"],"@id":"https:\/\/content-creator-team.com\/werbefotografie-auf-mallorca\/","url":"https:\/\/content-creator-team.com\/werbefotografie-auf-mallorca\/","name":"Fotograf\u00eda publicitaria en Mallorca \u27a4 Top content para hoteles y turismo","isPartOf":{"@id":"https:\/\/content-creator-team.com\/#website"},"primaryImageOfPage":{"@id":"https:\/\/content-creator-team.com\/werbefotografie-auf-mallorca\/#primaryimage"},"image":{"@id":"https:\/\/content-creator-team.com\/werbefotografie-auf-mallorca\/#primaryimage"},"thumbnailUrl":"https:\/\/content-creator-team.com\/wp-content\/uploads\/2025\/04\/LeandraWeberPhotography-1-12web.jpg","datePublished":"2025-04-18T07:24:32+00:00","dateModified":"2025-04-30T17:48:45+00:00","description":"Fotograf\u00eda publicitaria en Mallorca \u27a4 crea im\u00e1genes aut\u00e9nticas y emotivas para hoteles, resorts y marcas tur\u00edsticas. \u00a1Empieza tu proyecto ahora!","breadcrumb":{"@id":"https:\/\/content-creator-team.com\/werbefotografie-auf-mallorca\/#breadcrumb"},"inLanguage":"es","potentialAction":[{"@type":"ReadAction","target":["https:\/\/content-creator-team.com\/werbefotografie-auf-mallorca\/"]}]},{"@type":"ImageObject","inLanguage":"es","@id":"https:\/\/content-creator-team.com\/werbefotografie-auf-mallorca\/#primaryimage","url":"https:\/\/content-creator-team.com\/wp-content\/uploads\/2025\/04\/LeandraWeberPhotography-1-12web.jpg","contentUrl":"https:\/\/content-creator-team.com\/wp-content\/uploads\/2025\/04\/LeandraWeberPhotography-1-12web.jpg","width":1624,"height":1080,"caption":"Werbefotografie auf Mallorca"},{"@type":"BreadcrumbList","@id":"https:\/\/content-creator-team.com\/werbefotografie-auf-mallorca\/#breadcrumb","itemListElement":[{"@type":"ListItem","position":1,"name":"Startseite","item":"https:\/\/content-creator-team.com\/"},{"@type":"ListItem","position":2,"name":"Werbefotografie auf Mallorca: Authentischer Content f\u00fcr Hotels, Resorts &amp; Tourismus-Marken"}]},{"@type":"WebSite","@id":"https:\/\/content-creator-team.com\/#website","url":"https:\/\/content-creator-team.com\/","name":"Content-Creator-Team.com","description":"Creando contenidos para usted y su marca","publisher":{"@id":"https:\/\/content-creator-team.com\/#\/schema\/person\/7a67262b5593998c9e40d7d30de3656d"},"potentialAction":[{"@type":"SearchAction","target":{"@type":"EntryPoint","urlTemplate":"https:\/\/content-creator-team.com\/?s={search_term_string}"},"query-input":{"@type":"PropertyValueSpecification","valueRequired":true,"valueName":"search_term_string"}}],"inLanguage":"es"},{"@type":["Person","Organization"],"@id":"https:\/\/content-creator-team.com\/#\/schema\/person\/7a67262b5593998c9e40d7d30de3656d","name":"Lea","image":{"@type":"ImageObject","inLanguage":"es","@id":"https:\/\/secure.gravatar.com\/avatar\/92e3bcb9aafd9b8c2c58a38a28cd72f6989e19f7f767027ba5529d0e18fb0655?s=96&d=mm&r=g","url":"https:\/\/secure.gravatar.com\/avatar\/92e3bcb9aafd9b8c2c58a38a28cd72f6989e19f7f767027ba5529d0e18fb0655?s=96&d=mm&r=g","contentUrl":"https:\/\/secure.gravatar.com\/avatar\/92e3bcb9aafd9b8c2c58a38a28cd72f6989e19f7f767027ba5529d0e18fb0655?s=96&d=mm&r=g","caption":"Lea"},"logo":{"@id":"https:\/\/secure.gravatar.com\/avatar\/92e3bcb9aafd9b8c2c58a38a28cd72f6989e19f7f767027ba5529d0e18fb0655?s=96&d=mm&r=g"},"sameAs":["http:\/\/content-creator-team.com"],"url":"https:\/\/content-creator-team.com\/es\/author\/contentcreator\/"}]}},"_links":{"self":[{"href":"https:\/\/content-creator-team.com\/es\/wp-json\/wp\/v2\/posts\/5349","targetHints":{"allow":["GET"]}}],"collection":[{"href":"https:\/\/content-creator-team.com\/es\/wp-json\/wp\/v2\/posts"}],"about":[{"href":"https:\/\/content-creator-team.com\/es\/wp-json\/wp\/v2\/types\/post"}],"author":[{"embeddable":true,"href":"https:\/\/content-creator-team.com\/es\/wp-json\/wp\/v2\/users\/1"}],"replies":[{"embeddable":true,"href":"https:\/\/content-creator-team.com\/es\/wp-json\/wp\/v2\/comments?post=5349"}],"version-history":[{"count":5,"href":"https:\/\/content-creator-team.com\/es\/wp-json\/wp\/v2\/posts\/5349\/revisions"}],"predecessor-version":[{"id":5354,"href":"https:\/\/content-creator-team.com\/es\/wp-json\/wp\/v2\/posts\/5349\/revisions\/5354"}],"wp:featuredmedia":[{"embeddable":true,"href":"https:\/\/content-creator-team.com\/es\/wp-json\/wp\/v2\/media\/5314"}],"wp:attachment":[{"href":"https:\/\/content-creator-team.com\/es\/wp-json\/wp\/v2\/media?parent=5349"}],"wp:term":[{"taxonomy":"category","embeddable":true,"href":"https:\/\/content-creator-team.com\/es\/wp-json\/wp\/v2\/categories?post=5349"},{"taxonomy":"post_tag","embeddable":true,"href":"https:\/\/content-creator-team.com\/es\/wp-json\/wp\/v2\/tags?post=5349"}],"curies":[{"name":"wp","href":"https:\/\/api.w.org\/{rel}","templated":true}]}}